{"id":5068,"date":"2023-10-10T15:00:25","date_gmt":"2023-10-10T19:00:25","guid":{"rendered":"https:\/\/quartiergreene.ca\/?p=5068"},"modified":"2023-10-28T10:48:15","modified_gmt":"2023-10-28T14:48:15","slug":"festival-dautomne","status":"publish","type":"post","link":"https:\/\/quartiergreene.ca\/fr\/festival-dautomne\/","title":{"rendered":"Festival d&rsquo;automne du Quartier Greene!"},"content":{"rendered":"<p>Les festivals du Quartier Greene sont \u00e0 retour! Le 28 Octobre, venez chez Quartier Greene pour profiter de notre festival d\u2019automne!<\/p>\n<h4 style=\"text-align: center;\"><b>Festival d&rsquo;automne du Quartier Greene<\/b><\/h4>\n<h4 style=\"text-align: center;\"><b>Samedi, le 28 octobre 2023, 11h -17h<\/b><\/h4>\n<p style=\"text-align: center;\">(Pr\u00e9c\u00e9demment le 21 octobre, report\u00e9 en raison des intemp\u00e9ries.)<\/p>\n<p>Visitez les boutiques pour les ventes et les promotions sp\u00e9ciales du festival ! 10% de r\u00e9duction sur les produits chez MyShoeShop.<\/p>\n<h5>Musique en direct<\/h5>\n<p>12 h 15 &#8211; 13 h 00\u00a0 <strong>GARY WHITE<\/strong> Guitare acoustique, voix, et harmonica.<\/p>\n<p style=\"padding-left: 40px;\">En tant qu&rsquo;interpr\u00e8te solo, Gary apporte une combinaison unique d&rsquo;\u00e9nergie, de passion et d&rsquo;humour \u00e0 son s\u00e9lection de succ\u00e8s familiers de plusieurs d\u00e9cennies, arrang\u00e9s pour guitare acoustique, voix et harmonica. Avec un r\u00e9pertoire diversifi\u00e9 de favoris, assaisonn\u00e9 de quelques morceaux profonds occasionnels, vous chanterez, hocherez la t\u00eate, taperez du pied et resterez encore une fois<br \/>\nchanson!<\/p>\n<p>13:30 &#8211; 14:15 <strong>PAT LESYK \/ KATE BEVAN-BAKER<\/strong> Classiques celtiques. Guitare acoustique, voix et violon.<\/p>\n<p style=\"padding-left: 40px;\">Pat Lesyk et Kate Bevan-Baker sont surtout connus pour leur travail avec Solstice, l&rsquo;un des groupes folkloriques celtiques les plus excitants et les plus prolifiques du Canada. Bas\u00e9s \u00e0 Montr\u00e9al, ils enchantent les publics d&rsquo;Am\u00e9rique du Nord et d&rsquo;Europe depuis plus d&rsquo;une d\u00e9cennie avec leurs prestations explosives sur sc\u00e8ne de leur folk celtique unique qui incorpore des \u00e9l\u00e9ments de Bluegrass et de musique des Maritimes canadiens. Avec Pat \u00e0 la guitare acoustique et au chant et Kate au violon et au chant, ils vous emm\u00e8neront dans un voyage musical intense qui transcende les g\u00e9n\u00e9rations et les styles musicaux.<\/p>\n<p>14:45 &#8211; 15:30 <strong>GARY WHITE<\/strong> Guitare acoustique, voix, et harmonica.<\/p>\n<p>&nbsp;<\/p>\n<p>16:00 &#8211; 16:45 <strong>PAT LESYK \/ KATE BEVAN-BAKER<\/strong> Classiques celtiques. Guitare acoustique, voix et violon.<\/p>\n<p>&nbsp;<\/p>\n<h5>Activit\u00e9s de la galerie d&rsquo;art<\/h5>\n<p><strong>Gallery 203<\/strong> (1346 Greene) organise une rencontre avec l&rsquo;artiste de 13h \u00e0 16h &#8211; In the Wild -photographie d&rsquo;Ilana Block<\/p>\n<p style=\"padding-left: 40px;\">Ilana Block est une photographe animali\u00e8re, une amoureuse des animaux et une naturopathe bas\u00e9e \u00e0 Montr\u00e9al. Elle a remport\u00e9 plusieurs prix locaux, nationaux et internationaux pour son travail. <a href=\"http:\/\/www.ilanablockphotography.ca\">www.ilanablockphotography.ca<\/a><\/p>\n<p>La <strong>galerie S16<\/strong> (1362 Greene) organisera un atelier de fabrication de masques de 11h \u00e0 16h pour tous les \u00e2ges &#8211; explorez votre c\u00f4t\u00e9 artistique dans cette galerie du march\u00e9 de l&rsquo;art urbain.<\/p>\n<h5>Autres activit\u00e9s<\/h5>\n<ul>\n<li style=\"font-weight: 400;\" aria-level=\"1\">Il y aura un <strong>kiosque \u00e0 photos<\/strong> sur le th\u00e8me d&rsquo;halloween pour chiens &#8211; pour prendre des photos d&rsquo;Halloween<\/li>\n<li aria-level=\"1\">Il y aura un <strong>jongleur<\/strong> dans les environs du Quartier Greene.<\/li>\n<li style=\"font-weight: 400;\" aria-level=\"1\">Activit\u00e9 amusante de <strong>d\u00e9coration de citrouilles<\/strong> \u00e0 c\u00f4t\u00e9 du Square Greene pour petits et grands &#8211; citrouilles fournies 11h -16h<\/li>\n<\/ul>\n","protected":false},"excerpt":{"rendered":"<p>Les festivals du Quartier Greene sont \u00e0 retour! Le 28 Octobre, venez chez Quartier Greene pour profiter de notre festival d\u2019automne! Festival d&rsquo;automne du Quartier Greene Samedi, le 28 octobre 2023, 11h -17h (Pr\u00e9c\u00e9demment le 21 octobre, report\u00e9 en raison [&hellip;]<\/p>\n","protected":false},"author":7,"featured_media":5097,"comment_status":"closed","ping_status":"closed","sticky":false,"template":"","format":"standard","meta":{"_acf_changed":false,"footnotes":""},"categories":[1],"tags":[],"class_list":["post-5068","post","type-post","status-publish","format-standard","has-post-thumbnail","hentry","category-non-classifiee"],"acf":[],"yoast_head":"<!-- This site is optimized with the Yoast SEO plugin v23.4 - https:\/\/yoast.com\/wordpress\/plugins\/seo\/ -->\n<title>Festival d&#039;automne du Quartier Greene! - Quartier Greene<\/title>\n<meta name=\"robots\" content=\"index, follow, max-snippet:-1, max-image-preview:large, max-video-preview:-1\" \/>\n<link rel=\"canonical\" href=\"https:\/\/quartiergreene.ca\/fr\/festival-dautomne\/\" \/>\n<meta property=\"og:locale\" content=\"fr_FR\" \/>\n<meta property=\"og:type\" content=\"article\" \/>\n<meta property=\"og:title\" content=\"Festival d&#039;automne du Quartier Greene! - Quartier Greene\" \/>\n<meta property=\"og:description\" content=\"Les festivals du Quartier Greene sont \u00e0 retour! Le 28 Octobre, venez chez Quartier Greene pour profiter de notre festival d\u2019automne! Festival d&rsquo;automne du Quartier Greene Samedi, le 28 octobre 2023, 11h -17h (Pr\u00e9c\u00e9demment le 21 octobre, report\u00e9 en raison [&hellip;]\" \/>\n<meta property=\"og:url\" content=\"https:\/\/quartiergreene.ca\/fr\/festival-dautomne\/\" \/>\n<meta property=\"og:site_name\" content=\"Quartier Greene\" \/>\n<meta property=\"article:publisher\" content=\"https:\/\/www.facebook.com\/Quartier-Greene-201511353217647\/\" \/>\n<meta property=\"article:published_time\" content=\"2023-10-10T19:00:25+00:00\" \/>\n<meta property=\"article:modified_time\" content=\"2023-10-28T14:48:15+00:00\" \/>\n<meta property=\"og:image\" content=\"https:\/\/quartiergreene.ca\/wp-content\/uploads\/2023\/10\/oct28-reschedulqg-1024x1024.png\" \/>\n\t<meta property=\"og:image:width\" content=\"1024\" \/>\n\t<meta property=\"og:image:height\" content=\"1024\" \/>\n\t<meta property=\"og:image:type\" content=\"image\/png\" \/>\n<meta name=\"author\" content=\"Anayis Ecityan\" \/>\n<meta name=\"twitter:card\" content=\"summary_large_image\" \/>\n<meta name=\"twitter:creator\" content=\"@QuartierGreene\" \/>\n<meta name=\"twitter:site\" content=\"@QuartierGreene\" \/>\n<meta name=\"twitter:label1\" content=\"\u00c9crit par\" \/>\n\t<meta name=\"twitter:data1\" content=\"Anayis Ecityan\" \/>\n\t<meta name=\"twitter:label2\" content=\"Dur\u00e9e de lecture estim\u00e9e\" \/>\n\t<meta name=\"twitter:data2\" content=\"2 minutes\" \/>\n<script type=\"application\/ld+json\" class=\"yoast-schema-graph\">{\"@context\":\"https:\/\/schema.org\",\"@graph\":[{\"@type\":\"Article\",\"@id\":\"https:\/\/quartiergreene.ca\/fr\/festival-dautomne\/#article\",\"isPartOf\":{\"@id\":\"https:\/\/quartiergreene.ca\/fr\/festival-dautomne\/\"},\"author\":{\"name\":\"Anayis Ecityan\",\"@id\":\"https:\/\/quartiergreene.ca\/fr\/#\/schema\/person\/388e244ab08ed9c286d5cce0a9a9cf84\"},\"headline\":\"Festival d&rsquo;automne du Quartier Greene!\",\"datePublished\":\"2023-10-10T19:00:25+00:00\",\"dateModified\":\"2023-10-28T14:48:15+00:00\",\"mainEntityOfPage\":{\"@id\":\"https:\/\/quartiergreene.ca\/fr\/festival-dautomne\/\"},\"wordCount\":426,\"publisher\":{\"@id\":\"https:\/\/quartiergreene.ca\/fr\/#organization\"},\"image\":{\"@id\":\"https:\/\/quartiergreene.ca\/fr\/festival-dautomne\/#primaryimage\"},\"thumbnailUrl\":\"https:\/\/quartiergreene.ca\/wp-content\/uploads\/2023\/10\/oct28-reschedulqg.png\",\"articleSection\":[\"Non classifi\u00e9(e)\"],\"inLanguage\":\"fr-FR\"},{\"@type\":\"WebPage\",\"@id\":\"https:\/\/quartiergreene.ca\/fr\/festival-dautomne\/\",\"url\":\"https:\/\/quartiergreene.ca\/fr\/festival-dautomne\/\",\"name\":\"Festival d'automne du Quartier Greene! - Quartier Greene\",\"isPartOf\":{\"@id\":\"https:\/\/quartiergreene.ca\/fr\/#website\"},\"primaryImageOfPage\":{\"@id\":\"https:\/\/quartiergreene.ca\/fr\/festival-dautomne\/#primaryimage\"},\"image\":{\"@id\":\"https:\/\/quartiergreene.ca\/fr\/festival-dautomne\/#primaryimage\"},\"thumbnailUrl\":\"https:\/\/quartiergreene.ca\/wp-content\/uploads\/2023\/10\/oct28-reschedulqg.png\",\"datePublished\":\"2023-10-10T19:00:25+00:00\",\"dateModified\":\"2023-10-28T14:48:15+00:00\",\"breadcrumb\":{\"@id\":\"https:\/\/quartiergreene.ca\/fr\/festival-dautomne\/#breadcrumb\"},\"inLanguage\":\"fr-FR\",\"potentialAction\":[{\"@type\":\"ReadAction\",\"target\":[\"https:\/\/quartiergreene.ca\/fr\/festival-dautomne\/\"]}]},{\"@type\":\"ImageObject\",\"inLanguage\":\"fr-FR\",\"@id\":\"https:\/\/quartiergreene.ca\/fr\/festival-dautomne\/#primaryimage\",\"url\":\"https:\/\/quartiergreene.ca\/wp-content\/uploads\/2023\/10\/oct28-reschedulqg.png\",\"contentUrl\":\"https:\/\/quartiergreene.ca\/wp-content\/uploads\/2023\/10\/oct28-reschedulqg.png\",\"width\":3500,\"height\":3500},{\"@type\":\"BreadcrumbList\",\"@id\":\"https:\/\/quartiergreene.ca\/fr\/festival-dautomne\/#breadcrumb\",\"itemListElement\":[{\"@type\":\"ListItem\",\"position\":1,\"name\":\"Home\",\"item\":\"https:\/\/quartiergreene.ca\/fr\/\"},{\"@type\":\"ListItem\",\"position\":2,\"name\":\"Festival d&#8217;automne du Quartier Greene!\"}]},{\"@type\":\"WebSite\",\"@id\":\"https:\/\/quartiergreene.ca\/fr\/#website\",\"url\":\"https:\/\/quartiergreene.ca\/fr\/\",\"name\":\"Quartier Greene\",\"description\":\"City style, neighbourhood charm\",\"publisher\":{\"@id\":\"https:\/\/quartiergreene.ca\/fr\/#organization\"},\"potentialAction\":[{\"@type\":\"SearchAction\",\"target\":{\"@type\":\"EntryPoint\",\"urlTemplate\":\"https:\/\/quartiergreene.ca\/fr\/?s={search_term_string}\"},\"query-input\":{\"@type\":\"PropertyValueSpecification\",\"valueRequired\":true,\"valueName\":\"search_term_string\"}}],\"inLanguage\":\"fr-FR\"},{\"@type\":\"Organization\",\"@id\":\"https:\/\/quartiergreene.ca\/fr\/#organization\",\"name\":\"Greene Neighbourhood Merchants\u2019 Association\",\"url\":\"https:\/\/quartiergreene.ca\/fr\/\",\"logo\":{\"@type\":\"ImageObject\",\"inLanguage\":\"fr-FR\",\"@id\":\"https:\/\/quartiergreene.ca\/fr\/#\/schema\/logo\/image\/\",\"url\":\"https:\/\/quartiergreene.ca\/wp-content\/uploads\/2019\/05\/logo-quartier-greene-westmount.svg\",\"contentUrl\":\"https:\/\/quartiergreene.ca\/wp-content\/uploads\/2019\/05\/logo-quartier-greene-westmount.svg\",\"width\":360,\"height\":65,\"caption\":\"Greene Neighbourhood Merchants\u2019 Association\"},\"image\":{\"@id\":\"https:\/\/quartiergreene.ca\/fr\/#\/schema\/logo\/image\/\"},\"sameAs\":[\"https:\/\/www.facebook.com\/Quartier-Greene-201511353217647\/\",\"https:\/\/x.com\/QuartierGreene\"]},{\"@type\":\"Person\",\"@id\":\"https:\/\/quartiergreene.ca\/fr\/#\/schema\/person\/388e244ab08ed9c286d5cce0a9a9cf84\",\"name\":\"Anayis Ecityan\",\"image\":{\"@type\":\"ImageObject\",\"inLanguage\":\"fr-FR\",\"@id\":\"https:\/\/quartiergreene.ca\/fr\/#\/schema\/person\/image\/\",\"url\":\"https:\/\/secure.gravatar.com\/avatar\/20b754725668b87e43fcd1a79a12d5eb31f1e312767f688b367bfc0e90f80b77?s=96&d=mm&r=g\",\"contentUrl\":\"https:\/\/secure.gravatar.com\/avatar\/20b754725668b87e43fcd1a79a12d5eb31f1e312767f688b367bfc0e90f80b77?s=96&d=mm&r=g\",\"caption\":\"Anayis Ecityan\"}}]}<\/script>\n<!-- \/ Yoast SEO plugin. -->","yoast_head_json":{"title":"Festival d'automne du Quartier Greene! - Quartier Greene","robots":{"index":"index","follow":"follow","max-snippet":"max-snippet:-1","max-image-preview":"max-image-preview:large","max-video-preview":"max-video-preview:-1"},"canonical":"https:\/\/quartiergreene.ca\/fr\/festival-dautomne\/","og_locale":"fr_FR","og_type":"article","og_title":"Festival d'automne du Quartier Greene! - Quartier Greene","og_description":"Les festivals du Quartier Greene sont \u00e0 retour! Le 28 Octobre, venez chez Quartier Greene pour profiter de notre festival d\u2019automne! Festival d&rsquo;automne du Quartier Greene Samedi, le 28 octobre 2023, 11h -17h (Pr\u00e9c\u00e9demment le 21 octobre, report\u00e9 en raison [&hellip;]","og_url":"https:\/\/quartiergreene.ca\/fr\/festival-dautomne\/","og_site_name":"Quartier Greene","article_publisher":"https:\/\/www.facebook.com\/Quartier-Greene-201511353217647\/","article_published_time":"2023-10-10T19:00:25+00:00","article_modified_time":"2023-10-28T14:48:15+00:00","og_image":[{"width":1024,"height":1024,"url":"https:\/\/quartiergreene.ca\/wp-content\/uploads\/2023\/10\/oct28-reschedulqg-1024x1024.png","type":"image\/png"}],"author":"Anayis Ecityan","twitter_card":"summary_large_image","twitter_creator":"@QuartierGreene","twitter_site":"@QuartierGreene","twitter_misc":{"\u00c9crit par":"Anayis Ecityan","Dur\u00e9e de lecture estim\u00e9e":"2 minutes"},"schema":{"@context":"https:\/\/schema.org","@graph":[{"@type":"Article","@id":"https:\/\/quartiergreene.ca\/fr\/festival-dautomne\/#article","isPartOf":{"@id":"https:\/\/quartiergreene.ca\/fr\/festival-dautomne\/"},"author":{"name":"Anayis Ecityan","@id":"https:\/\/quartiergreene.ca\/fr\/#\/schema\/person\/388e244ab08ed9c286d5cce0a9a9cf84"},"headline":"Festival d&rsquo;automne du Quartier Greene!","datePublished":"2023-10-10T19:00:25+00:00","dateModified":"2023-10-28T14:48:15+00:00","mainEntityOfPage":{"@id":"https:\/\/quartiergreene.ca\/fr\/festival-dautomne\/"},"wordCount":426,"publisher":{"@id":"https:\/\/quartiergreene.ca\/fr\/#organization"},"image":{"@id":"https:\/\/quartiergreene.ca\/fr\/festival-dautomne\/#primaryimage"},"thumbnailUrl":"https:\/\/quartiergreene.ca\/wp-content\/uploads\/2023\/10\/oct28-reschedulqg.png","articleSection":["Non classifi\u00e9(e)"],"inLanguage":"fr-FR"},{"@type":"WebPage","@id":"https:\/\/quartiergreene.ca\/fr\/festival-dautomne\/","url":"https:\/\/quartiergreene.ca\/fr\/festival-dautomne\/","name":"Festival d'automne du Quartier Greene! - Quartier Greene","isPartOf":{"@id":"https:\/\/quartiergreene.ca\/fr\/#website"},"primaryImageOfPage":{"@id":"https:\/\/quartiergreene.ca\/fr\/festival-dautomne\/#primaryimage"},"image":{"@id":"https:\/\/quartiergreene.ca\/fr\/festival-dautomne\/#primaryimage"},"thumbnailUrl":"https:\/\/quartiergreene.ca\/wp-content\/uploads\/2023\/10\/oct28-reschedulqg.png","datePublished":"2023-10-10T19:00:25+00:00","dateModified":"2023-10-28T14:48:15+00:00","breadcrumb":{"@id":"https:\/\/quartiergreene.ca\/fr\/festival-dautomne\/#breadcrumb"},"inLanguage":"fr-FR","potentialAction":[{"@type":"ReadAction","target":["https:\/\/quartiergreene.ca\/fr\/festival-dautomne\/"]}]},{"@type":"ImageObject","inLanguage":"fr-FR","@id":"https:\/\/quartiergreene.ca\/fr\/festival-dautomne\/#primaryimage","url":"https:\/\/quartiergreene.ca\/wp-content\/uploads\/2023\/10\/oct28-reschedulqg.png","contentUrl":"https:\/\/quartiergreene.ca\/wp-content\/uploads\/2023\/10\/oct28-reschedulqg.png","width":3500,"height":3500},{"@type":"BreadcrumbList","@id":"https:\/\/quartiergreene.ca\/fr\/festival-dautomne\/#breadcrumb","itemListElement":[{"@type":"ListItem","position":1,"name":"Home","item":"https:\/\/quartiergreene.ca\/fr\/"},{"@type":"ListItem","position":2,"name":"Festival d&#8217;automne du Quartier Greene!"}]},{"@type":"WebSite","@id":"https:\/\/quartiergreene.ca\/fr\/#website","url":"https:\/\/quartiergreene.ca\/fr\/","name":"Quartier Greene","description":"City style, neighbourhood charm","publisher":{"@id":"https:\/\/quartiergreene.ca\/fr\/#organization"},"potentialAction":[{"@type":"SearchAction","target":{"@type":"EntryPoint","urlTemplate":"https:\/\/quartiergreene.ca\/fr\/?s={search_term_string}"},"query-input":{"@type":"PropertyValueSpecification","valueRequired":true,"valueName":"search_term_string"}}],"inLanguage":"fr-FR"},{"@type":"Organization","@id":"https:\/\/quartiergreene.ca\/fr\/#organization","name":"Greene Neighbourhood Merchants\u2019 Association","url":"https:\/\/quartiergreene.ca\/fr\/","logo":{"@type":"ImageObject","inLanguage":"fr-FR","@id":"https:\/\/quartiergreene.ca\/fr\/#\/schema\/logo\/image\/","url":"https:\/\/quartiergreene.ca\/wp-content\/uploads\/2019\/05\/logo-quartier-greene-westmount.svg","contentUrl":"https:\/\/quartiergreene.ca\/wp-content\/uploads\/2019\/05\/logo-quartier-greene-westmount.svg","width":360,"height":65,"caption":"Greene Neighbourhood Merchants\u2019 Association"},"image":{"@id":"https:\/\/quartiergreene.ca\/fr\/#\/schema\/logo\/image\/"},"sameAs":["https:\/\/www.facebook.com\/Quartier-Greene-201511353217647\/","https:\/\/x.com\/QuartierGreene"]},{"@type":"Person","@id":"https:\/\/quartiergreene.ca\/fr\/#\/schema\/person\/388e244ab08ed9c286d5cce0a9a9cf84","name":"Anayis Ecityan","image":{"@type":"ImageObject","inLanguage":"fr-FR","@id":"https:\/\/quartiergreene.ca\/fr\/#\/schema\/person\/image\/","url":"https:\/\/secure.gravatar.com\/avatar\/20b754725668b87e43fcd1a79a12d5eb31f1e312767f688b367bfc0e90f80b77?s=96&d=mm&r=g","contentUrl":"https:\/\/secure.gravatar.com\/avatar\/20b754725668b87e43fcd1a79a12d5eb31f1e312767f688b367bfc0e90f80b77?s=96&d=mm&r=g","caption":"Anayis Ecityan"}}]}},"_links":{"self":[{"href":"https:\/\/quartiergreene.ca\/fr\/wp-json\/wp\/v2\/posts\/5068","targetHints":{"allow":["GET"]}}],"collection":[{"href":"https:\/\/quartiergreene.ca\/fr\/wp-json\/wp\/v2\/posts"}],"about":[{"href":"https:\/\/quartiergreene.ca\/fr\/wp-json\/wp\/v2\/types\/post"}],"author":[{"embeddable":true,"href":"https:\/\/quartiergreene.ca\/fr\/wp-json\/wp\/v2\/users\/7"}],"replies":[{"embeddable":true,"href":"https:\/\/quartiergreene.ca\/fr\/wp-json\/wp\/v2\/comments?post=5068"}],"version-history":[{"count":11,"href":"https:\/\/quartiergreene.ca\/fr\/wp-json\/wp\/v2\/posts\/5068\/revisions"}],"predecessor-version":[{"id":5104,"href":"https:\/\/quartiergreene.ca\/fr\/wp-json\/wp\/v2\/posts\/5068\/revisions\/5104"}],"wp:featuredmedia":[{"embeddable":true,"href":"https:\/\/quartiergreene.ca\/fr\/wp-json\/wp\/v2\/media\/5097"}],"wp:attachment":[{"href":"https:\/\/quartiergreene.ca\/fr\/wp-json\/wp\/v2\/media?parent=5068"}],"wp:term":[{"taxonomy":"category","embeddable":true,"href":"https:\/\/quartiergreene.ca\/fr\/wp-json\/wp\/v2\/categories?post=5068"},{"taxonomy":"post_tag","embeddable":true,"href":"https:\/\/quartiergreene.ca\/fr\/wp-json\/wp\/v2\/tags?post=5068"}],"curies":[{"name":"wp","href":"https:\/\/api.w.org\/{rel}","templated":true}]}}