{"id":5161,"date":"2024-06-24T21:11:32","date_gmt":"2024-06-25T01:11:32","guid":{"rendered":"https:\/\/quartiergreene.ca\/?p=5161"},"modified":"2024-07-01T12:08:25","modified_gmt":"2024-07-01T16:08:25","slug":"musique-dans-le-square","status":"publish","type":"post","link":"https:\/\/quartiergreene.ca\/fr\/musique-dans-le-square\/","title":{"rendered":"Musique dans le Square"},"content":{"rendered":"<p>Pour le mois de juillet, nous apportons un peu plus de vie au Quartier Greene avec Music dans le Square !<\/p>\n<p>Voici les spectacles programm\u00e9s.<\/p>\n<h5>Dimanche le 7 juillet: Sarah Vanderzon<\/h5>\n<p>de <strong>12 h<\/strong> \u00e0 12 h 45 , de <strong>13 h 15<\/strong> \u00e0 14 h et de <strong>14 h 45<\/strong> \u00e0 15 h 30<\/p>\n<p>Sarah est une auteure-compositrice-interpr\u00e8te folk-pop bilingue de la rive sud de Montr\u00e9al qui fait rapidement sa marque au Qu\u00e9bec. Elle a r\u00e9cemment sorti son premier EP \u00ab\u00a0Sam Sad Eyes\u00a0\u00bb qui comprend son single \u00ab\u00a0I Don&rsquo;t Know Myself At All\u00a0\u00bb, une chanson triste et optimiste sur l&rsquo;auto-sabotage et le fait de rester au m\u00eame endroit. Ses paroles s&rsquo;inspirent principalement de son but dans la vie et des peines de c\u0153ur qui ont fait d&rsquo;elle ce qu&rsquo;elle est aujourd&rsquo;hui.<br \/>\n<a href=\"https:\/\/open.spotify.com\/album\/2cHXPc6TtWDFhG6SRDaX36?si=sfjG3O03T7O40C9XQp32OQ&amp;nd=1\">Spotify<\/a>\u00a0 \u00a0 \u00a0 \u00a0<a href=\"https:\/\/www.instagram.com\/sarahvdzon\/\">Instagram<\/a>\u00a0 \u00a0 \u00a0 <a href=\"https:\/\/www.facebook.com\/sarahvdzon\/videos\/194821079481182\">Facebook<\/a>\u00a0 \u00a0 \u00a0 \u00a0 \u00a0\u00a0<a href=\"https:\/\/www.youtube.com\/watch?v=yrW6Zu7U8eY\">YouTube<\/a><\/p>\n<h5>Samedi le 13 juillet: Bowser and Bowser<\/h5>\n<p>de <strong>12 h<\/strong> \u00e0 12 h 45 et de <strong>13 h 15<\/strong> \u00e0 14 h<\/p>\n<p>George Bowser a \u00e9migr\u00e9 d&rsquo;Angleterre \u00e0 Montr\u00e9al en 1970, et il est le c\u00f4t\u00e9 gauche de la sc\u00e8ne de Bowser and Blue depuis 1978. Il a \u00e9t\u00e9 conseiller municipal de Westmount de 2006 \u00e0 2009. Sa fille Jeanne est titulaire d&rsquo;un baccalaur\u00e9at en beaux-arts de l&rsquo;Universit\u00e9 Concordia et d&rsquo;une ma\u00eetrise de l&rsquo;Universit\u00e9 de Malm\u00f6, en Su\u00e8de. Elle vit et travaille \u00e0 l&rsquo;\u00e9tranger. Les deux chantent et jouent ensemble d\u00e8s qu&rsquo;ils le peuvent.<\/p>\n<h5>Dimanche le 21 juillet: Gary White<\/h5>\n<p>de <strong>12 h<\/strong> \u00e0 12 h 45 , de <strong>13 h 15<\/strong> \u00e0 14 h et de <strong>14 h 45<\/strong> \u00e0 15 h 30<\/p>\n<p>Gary est un chanteur, multi-instrumentiste, compositeur et v\u00e9t\u00e9ran de la sc\u00e8ne musicale montr\u00e9alaise qui a jou\u00e9 partout dans le monde avec divers groupes originaux et de reprises. (Seven Sisters, The Puritans, Monkeywalk, Skipper Dean, The CherryPickers, The Fundamentals, 3.5 Men, The Choirboys, Musical Director\/Just for<br \/>\nLaughs). Sa musique originale a \u00e9t\u00e9 diffus\u00e9e au cin\u00e9ma et \u00e0 la t\u00e9l\u00e9vision. En tant que soliste, il apporte une \u00e9nergie et une passion uniques \u00e0 sa s\u00e9lection de succ\u00e8s familiers de toutes les d\u00e9cennies, arrang\u00e9s pour guitares acoustiques, voix et harmonica.<br \/>\nFait amusant : Gary joue de la guitare \u00e0 l&rsquo;envers.<br \/>\n<a href=\"http:\/\/www.garywhite.ca\">www.garywhite.ca<\/a>\u00a0 \u00a0 \u00a0 \u00a0 <a href=\"https:\/\/www.youtube.com\/watch?v=GOUjeVirai8\">YouTube 1<\/a>\u00a0 \u00a0 \u00a0 \u00a0<a href=\"https:\/\/www.youtube.com\/watch?v=QQ0znkAODCw\">Youtube 2<\/a>\u00a0 \u00a0 \u00a0 \u00a0\u00a0<a href=\"https:\/\/www.facebook.com\/gary.white.54966\/\">Facebook<\/a><\/p>\n<h5>Samedi le 27 juillet:\u00a0 Tatum Quinn (duo)<\/h5>\n<p>de <strong>12 h<\/strong> \u00e0 12 h 45 , de <strong>13 h 15<\/strong> \u00e0 14 h et de <strong>14 h 45<\/strong> \u00e0 15 h 30<\/p>\n<p>Voici Tatum Quinn : princesse de la pop\/rock et voix des outsiders. Form\u00e9e \u00e0 Berklee, elle a particip\u00e9 \u00e0 Just Dance d&rsquo;Ubisoft. L&rsquo;auteure-compositrice-interpr\u00e8te montr\u00e9alaise de 27 ans a fait la premi\u00e8re partie de Kool &amp; the Gang, Boy George et bien d&rsquo;autres. TQ vise \u00e0 inspirer et \u00e0 cr\u00e9er un sentiment d&rsquo;appartenance \u00e0 travers sa musique.<\/p>\n<p><a href=\"http:\/\/tatumquinn.com\">tatumquinn.com<\/a>\u00a0 \u00a0 \u00a0 \u00a0 \u00a0 \u00a0 <a href=\"https:\/\/www.youtube.com\/watch?v=ItYvNRcpjMc\">YouTube 1<\/a>\u00a0 \u00a0 \u00a0 \u00a0 <a href=\"https:\/\/www.youtube.com\/watch?v=SIexiDqKias\">Youtube 2<\/a>\u00a0 \u00a0 \u00a0 \u00a0 \u00a0 <a href=\"https:\/\/www.facebook.com\/TatumQuinnxox\">Facebook<\/a><\/p>\n<p>&nbsp;<\/p>\n","protected":false},"excerpt":{"rendered":"<p>Pour le mois de juillet, nous apportons un peu plus de vie au Quartier Greene avec Music dans le Square ! Voici les spectacles programm\u00e9s. Dimanche le 7 juillet: Sarah Vanderzon de 12 h \u00e0 12 h 45 , de [&hellip;]<\/p>\n","protected":false},"author":7,"featured_media":5162,"comment_status":"closed","ping_status":"closed","sticky":false,"template":"","format":"standard","meta":{"_acf_changed":false,"footnotes":""},"categories":[1],"tags":[],"class_list":["post-5161","post","type-post","status-publish","format-standard","has-post-thumbnail","hentry","category-non-classifiee"],"acf":[],"yoast_head":"<!-- This site is optimized with the Yoast SEO plugin v23.4 - https:\/\/yoast.com\/wordpress\/plugins\/seo\/ -->\n<title>Musique dans le Square - Quartier Greene<\/title>\n<meta name=\"robots\" content=\"index, follow, max-snippet:-1, max-image-preview:large, max-video-preview:-1\" \/>\n<link rel=\"canonical\" href=\"https:\/\/quartiergreene.ca\/fr\/musique-dans-le-square\/\" \/>\n<meta property=\"og:locale\" content=\"fr_FR\" \/>\n<meta property=\"og:type\" content=\"article\" \/>\n<meta property=\"og:title\" content=\"Musique dans le Square - Quartier Greene\" \/>\n<meta property=\"og:description\" content=\"Pour le mois de juillet, nous apportons un peu plus de vie au Quartier Greene avec Music dans le Square ! Voici les spectacles programm\u00e9s. Dimanche le 7 juillet: Sarah Vanderzon de 12 h \u00e0 12 h 45 , de [&hellip;]\" \/>\n<meta property=\"og:url\" content=\"https:\/\/quartiergreene.ca\/fr\/musique-dans-le-square\/\" \/>\n<meta property=\"og:site_name\" content=\"Quartier Greene\" \/>\n<meta property=\"article:publisher\" content=\"https:\/\/www.facebook.com\/Quartier-Greene-201511353217647\/\" \/>\n<meta property=\"article:published_time\" content=\"2024-06-25T01:11:32+00:00\" \/>\n<meta property=\"article:modified_time\" content=\"2024-07-01T16:08:25+00:00\" \/>\n<meta property=\"og:image\" content=\"https:\/\/quartiergreene.ca\/wp-content\/uploads\/2024\/06\/Artboard-1-copy-768x768.png\" \/>\n\t<meta property=\"og:image:width\" content=\"768\" \/>\n\t<meta property=\"og:image:height\" content=\"768\" \/>\n\t<meta property=\"og:image:type\" content=\"image\/png\" \/>\n<meta name=\"author\" content=\"Anayis Ecityan\" \/>\n<meta name=\"twitter:card\" content=\"summary_large_image\" \/>\n<meta name=\"twitter:creator\" content=\"@QuartierGreene\" \/>\n<meta name=\"twitter:site\" content=\"@QuartierGreene\" \/>\n<meta name=\"twitter:label1\" content=\"\u00c9crit par\" \/>\n\t<meta name=\"twitter:data1\" content=\"Anayis Ecityan\" \/>\n\t<meta name=\"twitter:label2\" content=\"Dur\u00e9e de lecture estim\u00e9e\" \/>\n\t<meta name=\"twitter:data2\" content=\"2 minutes\" \/>\n<script type=\"application\/ld+json\" class=\"yoast-schema-graph\">{\"@context\":\"https:\/\/schema.org\",\"@graph\":[{\"@type\":\"Article\",\"@id\":\"https:\/\/quartiergreene.ca\/fr\/musique-dans-le-square\/#article\",\"isPartOf\":{\"@id\":\"https:\/\/quartiergreene.ca\/fr\/musique-dans-le-square\/\"},\"author\":{\"name\":\"Anayis Ecityan\",\"@id\":\"https:\/\/quartiergreene.ca\/fr\/#\/schema\/person\/388e244ab08ed9c286d5cce0a9a9cf84\"},\"headline\":\"Musique dans le Square\",\"datePublished\":\"2024-06-25T01:11:32+00:00\",\"dateModified\":\"2024-07-01T16:08:25+00:00\",\"mainEntityOfPage\":{\"@id\":\"https:\/\/quartiergreene.ca\/fr\/musique-dans-le-square\/\"},\"wordCount\":420,\"publisher\":{\"@id\":\"https:\/\/quartiergreene.ca\/fr\/#organization\"},\"image\":{\"@id\":\"https:\/\/quartiergreene.ca\/fr\/musique-dans-le-square\/#primaryimage\"},\"thumbnailUrl\":\"https:\/\/quartiergreene.ca\/wp-content\/uploads\/2024\/06\/Artboard-1-copy.png\",\"articleSection\":[\"Non classifi\u00e9(e)\"],\"inLanguage\":\"fr-FR\"},{\"@type\":\"WebPage\",\"@id\":\"https:\/\/quartiergreene.ca\/fr\/musique-dans-le-square\/\",\"url\":\"https:\/\/quartiergreene.ca\/fr\/musique-dans-le-square\/\",\"name\":\"Musique dans le Square - Quartier Greene\",\"isPartOf\":{\"@id\":\"https:\/\/quartiergreene.ca\/fr\/#website\"},\"primaryImageOfPage\":{\"@id\":\"https:\/\/quartiergreene.ca\/fr\/musique-dans-le-square\/#primaryimage\"},\"image\":{\"@id\":\"https:\/\/quartiergreene.ca\/fr\/musique-dans-le-square\/#primaryimage\"},\"thumbnailUrl\":\"https:\/\/quartiergreene.ca\/wp-content\/uploads\/2024\/06\/Artboard-1-copy.png\",\"datePublished\":\"2024-06-25T01:11:32+00:00\",\"dateModified\":\"2024-07-01T16:08:25+00:00\",\"breadcrumb\":{\"@id\":\"https:\/\/quartiergreene.ca\/fr\/musique-dans-le-square\/#breadcrumb\"},\"inLanguage\":\"fr-FR\",\"potentialAction\":[{\"@type\":\"ReadAction\",\"target\":[\"https:\/\/quartiergreene.ca\/fr\/musique-dans-le-square\/\"]}]},{\"@type\":\"ImageObject\",\"inLanguage\":\"fr-FR\",\"@id\":\"https:\/\/quartiergreene.ca\/fr\/musique-dans-le-square\/#primaryimage\",\"url\":\"https:\/\/quartiergreene.ca\/wp-content\/uploads\/2024\/06\/Artboard-1-copy.png\",\"contentUrl\":\"https:\/\/quartiergreene.ca\/wp-content\/uploads\/2024\/06\/Artboard-1-copy.png\",\"width\":2550,\"height\":2550},{\"@type\":\"BreadcrumbList\",\"@id\":\"https:\/\/quartiergreene.ca\/fr\/musique-dans-le-square\/#breadcrumb\",\"itemListElement\":[{\"@type\":\"ListItem\",\"position\":1,\"name\":\"Home\",\"item\":\"https:\/\/quartiergreene.ca\/fr\/\"},{\"@type\":\"ListItem\",\"position\":2,\"name\":\"Musique dans le Square\"}]},{\"@type\":\"WebSite\",\"@id\":\"https:\/\/quartiergreene.ca\/fr\/#website\",\"url\":\"https:\/\/quartiergreene.ca\/fr\/\",\"name\":\"Quartier Greene\",\"description\":\"City style, neighbourhood charm\",\"publisher\":{\"@id\":\"https:\/\/quartiergreene.ca\/fr\/#organization\"},\"potentialAction\":[{\"@type\":\"SearchAction\",\"target\":{\"@type\":\"EntryPoint\",\"urlTemplate\":\"https:\/\/quartiergreene.ca\/fr\/?s={search_term_string}\"},\"query-input\":{\"@type\":\"PropertyValueSpecification\",\"valueRequired\":true,\"valueName\":\"search_term_string\"}}],\"inLanguage\":\"fr-FR\"},{\"@type\":\"Organization\",\"@id\":\"https:\/\/quartiergreene.ca\/fr\/#organization\",\"name\":\"Greene Neighbourhood Merchants\u2019 Association\",\"url\":\"https:\/\/quartiergreene.ca\/fr\/\",\"logo\":{\"@type\":\"ImageObject\",\"inLanguage\":\"fr-FR\",\"@id\":\"https:\/\/quartiergreene.ca\/fr\/#\/schema\/logo\/image\/\",\"url\":\"https:\/\/quartiergreene.ca\/wp-content\/uploads\/2019\/05\/logo-quartier-greene-westmount.svg\",\"contentUrl\":\"https:\/\/quartiergreene.ca\/wp-content\/uploads\/2019\/05\/logo-quartier-greene-westmount.svg\",\"width\":360,\"height\":65,\"caption\":\"Greene Neighbourhood Merchants\u2019 Association\"},\"image\":{\"@id\":\"https:\/\/quartiergreene.ca\/fr\/#\/schema\/logo\/image\/\"},\"sameAs\":[\"https:\/\/www.facebook.com\/Quartier-Greene-201511353217647\/\",\"https:\/\/x.com\/QuartierGreene\"]},{\"@type\":\"Person\",\"@id\":\"https:\/\/quartiergreene.ca\/fr\/#\/schema\/person\/388e244ab08ed9c286d5cce0a9a9cf84\",\"name\":\"Anayis Ecityan\",\"image\":{\"@type\":\"ImageObject\",\"inLanguage\":\"fr-FR\",\"@id\":\"https:\/\/quartiergreene.ca\/fr\/#\/schema\/person\/image\/\",\"url\":\"https:\/\/secure.gravatar.com\/avatar\/20b754725668b87e43fcd1a79a12d5eb31f1e312767f688b367bfc0e90f80b77?s=96&d=mm&r=g\",\"contentUrl\":\"https:\/\/secure.gravatar.com\/avatar\/20b754725668b87e43fcd1a79a12d5eb31f1e312767f688b367bfc0e90f80b77?s=96&d=mm&r=g\",\"caption\":\"Anayis Ecityan\"}}]}<\/script>\n<!-- \/ Yoast SEO plugin. -->","yoast_head_json":{"title":"Musique dans le Square - Quartier Greene","robots":{"index":"index","follow":"follow","max-snippet":"max-snippet:-1","max-image-preview":"max-image-preview:large","max-video-preview":"max-video-preview:-1"},"canonical":"https:\/\/quartiergreene.ca\/fr\/musique-dans-le-square\/","og_locale":"fr_FR","og_type":"article","og_title":"Musique dans le Square - Quartier Greene","og_description":"Pour le mois de juillet, nous apportons un peu plus de vie au Quartier Greene avec Music dans le Square ! Voici les spectacles programm\u00e9s. Dimanche le 7 juillet: Sarah Vanderzon de 12 h \u00e0 12 h 45 , de [&hellip;]","og_url":"https:\/\/quartiergreene.ca\/fr\/musique-dans-le-square\/","og_site_name":"Quartier Greene","article_publisher":"https:\/\/www.facebook.com\/Quartier-Greene-201511353217647\/","article_published_time":"2024-06-25T01:11:32+00:00","article_modified_time":"2024-07-01T16:08:25+00:00","og_image":[{"width":768,"height":768,"url":"https:\/\/quartiergreene.ca\/wp-content\/uploads\/2024\/06\/Artboard-1-copy-768x768.png","type":"image\/png"}],"author":"Anayis Ecityan","twitter_card":"summary_large_image","twitter_creator":"@QuartierGreene","twitter_site":"@QuartierGreene","twitter_misc":{"\u00c9crit par":"Anayis Ecityan","Dur\u00e9e de lecture estim\u00e9e":"2 minutes"},"schema":{"@context":"https:\/\/schema.org","@graph":[{"@type":"Article","@id":"https:\/\/quartiergreene.ca\/fr\/musique-dans-le-square\/#article","isPartOf":{"@id":"https:\/\/quartiergreene.ca\/fr\/musique-dans-le-square\/"},"author":{"name":"Anayis Ecityan","@id":"https:\/\/quartiergreene.ca\/fr\/#\/schema\/person\/388e244ab08ed9c286d5cce0a9a9cf84"},"headline":"Musique dans le Square","datePublished":"2024-06-25T01:11:32+00:00","dateModified":"2024-07-01T16:08:25+00:00","mainEntityOfPage":{"@id":"https:\/\/quartiergreene.ca\/fr\/musique-dans-le-square\/"},"wordCount":420,"publisher":{"@id":"https:\/\/quartiergreene.ca\/fr\/#organization"},"image":{"@id":"https:\/\/quartiergreene.ca\/fr\/musique-dans-le-square\/#primaryimage"},"thumbnailUrl":"https:\/\/quartiergreene.ca\/wp-content\/uploads\/2024\/06\/Artboard-1-copy.png","articleSection":["Non classifi\u00e9(e)"],"inLanguage":"fr-FR"},{"@type":"WebPage","@id":"https:\/\/quartiergreene.ca\/fr\/musique-dans-le-square\/","url":"https:\/\/quartiergreene.ca\/fr\/musique-dans-le-square\/","name":"Musique dans le Square - Quartier Greene","isPartOf":{"@id":"https:\/\/quartiergreene.ca\/fr\/#website"},"primaryImageOfPage":{"@id":"https:\/\/quartiergreene.ca\/fr\/musique-dans-le-square\/#primaryimage"},"image":{"@id":"https:\/\/quartiergreene.ca\/fr\/musique-dans-le-square\/#primaryimage"},"thumbnailUrl":"https:\/\/quartiergreene.ca\/wp-content\/uploads\/2024\/06\/Artboard-1-copy.png","datePublished":"2024-06-25T01:11:32+00:00","dateModified":"2024-07-01T16:08:25+00:00","breadcrumb":{"@id":"https:\/\/quartiergreene.ca\/fr\/musique-dans-le-square\/#breadcrumb"},"inLanguage":"fr-FR","potentialAction":[{"@type":"ReadAction","target":["https:\/\/quartiergreene.ca\/fr\/musique-dans-le-square\/"]}]},{"@type":"ImageObject","inLanguage":"fr-FR","@id":"https:\/\/quartiergreene.ca\/fr\/musique-dans-le-square\/#primaryimage","url":"https:\/\/quartiergreene.ca\/wp-content\/uploads\/2024\/06\/Artboard-1-copy.png","contentUrl":"https:\/\/quartiergreene.ca\/wp-content\/uploads\/2024\/06\/Artboard-1-copy.png","width":2550,"height":2550},{"@type":"BreadcrumbList","@id":"https:\/\/quartiergreene.ca\/fr\/musique-dans-le-square\/#breadcrumb","itemListElement":[{"@type":"ListItem","position":1,"name":"Home","item":"https:\/\/quartiergreene.ca\/fr\/"},{"@type":"ListItem","position":2,"name":"Musique dans le Square"}]},{"@type":"WebSite","@id":"https:\/\/quartiergreene.ca\/fr\/#website","url":"https:\/\/quartiergreene.ca\/fr\/","name":"Quartier Greene","description":"City style, neighbourhood charm","publisher":{"@id":"https:\/\/quartiergreene.ca\/fr\/#organization"},"potentialAction":[{"@type":"SearchAction","target":{"@type":"EntryPoint","urlTemplate":"https:\/\/quartiergreene.ca\/fr\/?s={search_term_string}"},"query-input":{"@type":"PropertyValueSpecification","valueRequired":true,"valueName":"search_term_string"}}],"inLanguage":"fr-FR"},{"@type":"Organization","@id":"https:\/\/quartiergreene.ca\/fr\/#organization","name":"Greene Neighbourhood Merchants\u2019 Association","url":"https:\/\/quartiergreene.ca\/fr\/","logo":{"@type":"ImageObject","inLanguage":"fr-FR","@id":"https:\/\/quartiergreene.ca\/fr\/#\/schema\/logo\/image\/","url":"https:\/\/quartiergreene.ca\/wp-content\/uploads\/2019\/05\/logo-quartier-greene-westmount.svg","contentUrl":"https:\/\/quartiergreene.ca\/wp-content\/uploads\/2019\/05\/logo-quartier-greene-westmount.svg","width":360,"height":65,"caption":"Greene Neighbourhood Merchants\u2019 Association"},"image":{"@id":"https:\/\/quartiergreene.ca\/fr\/#\/schema\/logo\/image\/"},"sameAs":["https:\/\/www.facebook.com\/Quartier-Greene-201511353217647\/","https:\/\/x.com\/QuartierGreene"]},{"@type":"Person","@id":"https:\/\/quartiergreene.ca\/fr\/#\/schema\/person\/388e244ab08ed9c286d5cce0a9a9cf84","name":"Anayis Ecityan","image":{"@type":"ImageObject","inLanguage":"fr-FR","@id":"https:\/\/quartiergreene.ca\/fr\/#\/schema\/person\/image\/","url":"https:\/\/secure.gravatar.com\/avatar\/20b754725668b87e43fcd1a79a12d5eb31f1e312767f688b367bfc0e90f80b77?s=96&d=mm&r=g","contentUrl":"https:\/\/secure.gravatar.com\/avatar\/20b754725668b87e43fcd1a79a12d5eb31f1e312767f688b367bfc0e90f80b77?s=96&d=mm&r=g","caption":"Anayis Ecityan"}}]}},"_links":{"self":[{"href":"https:\/\/quartiergreene.ca\/fr\/wp-json\/wp\/v2\/posts\/5161","targetHints":{"allow":["GET"]}}],"collection":[{"href":"https:\/\/quartiergreene.ca\/fr\/wp-json\/wp\/v2\/posts"}],"about":[{"href":"https:\/\/quartiergreene.ca\/fr\/wp-json\/wp\/v2\/types\/post"}],"author":[{"embeddable":true,"href":"https:\/\/quartiergreene.ca\/fr\/wp-json\/wp\/v2\/users\/7"}],"replies":[{"embeddable":true,"href":"https:\/\/quartiergreene.ca\/fr\/wp-json\/wp\/v2\/comments?post=5161"}],"version-history":[{"count":4,"href":"https:\/\/quartiergreene.ca\/fr\/wp-json\/wp\/v2\/posts\/5161\/revisions"}],"predecessor-version":[{"id":5171,"href":"https:\/\/quartiergreene.ca\/fr\/wp-json\/wp\/v2\/posts\/5161\/revisions\/5171"}],"wp:featuredmedia":[{"embeddable":true,"href":"https:\/\/quartiergreene.ca\/fr\/wp-json\/wp\/v2\/media\/5162"}],"wp:attachment":[{"href":"https:\/\/quartiergreene.ca\/fr\/wp-json\/wp\/v2\/media?parent=5161"}],"wp:term":[{"taxonomy":"category","embeddable":true,"href":"https:\/\/quartiergreene.ca\/fr\/wp-json\/wp\/v2\/categories?post=5161"},{"taxonomy":"post_tag","embeddable":true,"href":"https:\/\/quartiergreene.ca\/fr\/wp-json\/wp\/v2\/tags?post=5161"}],"curies":[{"name":"wp","href":"https:\/\/api.w.org\/{rel}","templated":true}]}}