{"id":5190,"date":"2024-08-24T14:43:39","date_gmt":"2024-08-24T18:43:39","guid":{"rendered":"https:\/\/quartiergreene.ca\/?p=5190"},"modified":"2024-09-06T12:33:52","modified_gmt":"2024-09-06T16:33:52","slug":"festival-de-rue-dautomne","status":"publish","type":"post","link":"https:\/\/quartiergreene.ca\/fr\/festival-de-rue-dautomne\/","title":{"rendered":"Festival de rue d&rsquo;automne 2024"},"content":{"rendered":"<p><strong>TOUTES les activit\u00e9s du festival pr\u00e9vues le samedi 7 septembre auront lieu le dimanche 8 septembre en raison de la pluie annonc\u00e9e.<\/strong><\/p>\n<p>R\u00e9servez les dates : Les 7 et 8 septembre.<\/p>\n<h5>Quartier Greene Festival Schedule of Events<\/h5>\n<h3>Dimanche, le 8 Septembre<\/h3>\n<p><strong>*L&rsquo;avenue Greene sera ferm\u00e9e \u00e0 la circulation de Sherbrooke \u00e0 Maisonneuve. Le stationnement de la ville sera ouvert, mais seulement accessible par la voie de l&rsquo;avenue Olivier pr\u00e8s de l&rsquo;avenue de Maisonneuve.<\/strong><\/p>\n<p><strong>10h00 \u00e0 17h00<\/strong>\u00a0&#8211; Vente trottoir et promotions par les marchands sur Avenue Greene.<\/p>\n<p><strong>11h \u00e0 16h<\/strong> exposition de voitures antiques<\/p>\n<p>L&rsquo;Association des marchands du Quartier Greene est heureuse d&rsquo;accueillir les membres de Voitures Anciennes du Qu\u00e9bec et leurs voitures, sur la portion temporairement ferm\u00e9e de l&rsquo;avenue Greene, de Sherbrooke \u00e0 DeMaisonneuve. Jusqu&rsquo;\u00e0 50 voitures antiques seront expos\u00e9es, toutes non modifi\u00e9es et toutes \u00e2g\u00e9es de plus de 25 ans, voire beaucoup plus !<\/p>\n<div>\u00c9v\u00e9nement organis\u00e9 en collaboration avec l&rsquo;Association des marchands du Quartier Greene<\/div>\n<div>Lieu : Avenue Greene \u00e0 Westmount entre Sherbrooke O. et<\/div>\n<div>Cette activit\u00e9 est ouverte aux voitures de 25 ans et plus d\u2019origine.<br \/>\nDate de pluie : 14 septembre, 2024<\/div>\n<p><a href=\"https:\/\/www.facebook.com\/share\/m4ae1r5jTQizTyMX\/\" rel=\"attachment wp-att-5203\"><img loading=\"lazy\" decoding=\"async\" class=\"size-thumbnail wp-image-5203 alignleft\" src=\"https:\/\/quartiergreene.ca\/wp-content\/uploads\/2024\/08\/fallfest-02-150x150.png\" alt=\"\" width=\"150\" height=\"150\" srcset=\"https:\/\/quartiergreene.ca\/wp-content\/uploads\/2024\/08\/fallfest-02-150x150.png 150w, https:\/\/quartiergreene.ca\/wp-content\/uploads\/2024\/08\/fallfest-02-300x300.png 300w, https:\/\/quartiergreene.ca\/wp-content\/uploads\/2024\/08\/fallfest-02-1024x1024.png 1024w, https:\/\/quartiergreene.ca\/wp-content\/uploads\/2024\/08\/fallfest-02-768x768.png 768w, https:\/\/quartiergreene.ca\/wp-content\/uploads\/2024\/08\/fallfest-02-550x550.png 550w, https:\/\/quartiergreene.ca\/wp-content\/uploads\/2024\/08\/fallfest-02-1100x1100.png 1100w, https:\/\/quartiergreene.ca\/wp-content\/uploads\/2024\/08\/fallfest-02.png 1500w\" sizes=\"auto, (max-width: 150px) 100vw, 150px\" \/><\/a><\/p>\n<p>&nbsp;<\/p>\n<p>&nbsp;<\/p>\n<p>&nbsp;<\/p>\n<p>&nbsp;<\/p>\n<p>&nbsp;<\/p>\n<p><strong>midi \u00e0 16h00\u00a0<\/strong>&#8211; Camion Cremerie Gelato sur site.<\/p>\n<h5>Auteurs de livres pour enfants de Westmount &#8211; d\u00e9dicaces et vente de livres<\/h5>\n<p><strong>13h \u00e0 15h<\/strong> sur Greene pr\u00e8s de DeMaisonneuve<\/p>\n<p>JUDITH HENDERSON est une cr\u00e9atrice de contenu pour enfants et elle pr\u00e9pare beaucoup de choses. Elle est auteur, illustratrice, compositrice et a produit des \u00e9missions de t\u00e9l\u00e9vision pour enfants. Elle a \u00e9galement \u00e9crit la chanson th\u00e8me de l&rsquo;\u00e9mission ARTHUR de PBS, r\u00e9compens\u00e9e par un Emmy Award.<br \/>\nJudith a \u00e9crit plus de dix-huit livres pour enfants, et d&rsquo;autres sont en pr\u00e9paration ! Judith aime les chiens, les livres et le caf\u00e9, dans cet ordre.<\/p>\n<p>ANNE RENAUD est une auteure de livres pour enfants qui \u00e9crit en fran\u00e7ais et en anglais. Elle a publi\u00e9 plus de 25 ouvrages, dont des livres d&rsquo;images pour les enfants de 4 \u00e0 8 ans, ainsi que des ouvrages historiques pour les enfants de 9 \u00e0 12 ans. Parmi ses titres, citons Le gar\u00e7on qui a invent\u00e9 la sucette : The Cool Science Behind Frank Epperson&rsquo;s Famous Frozen Treat, Albertine Petit-Brindamour d\u00e9teste les choux de Bruxelles, qui a remport\u00e9 le Prix Peuplier de l&rsquo;OLA et le Prix des libraires du Qu\u00e9bec, et Mr. Crum&rsquo;s Potato Predicament, qui a remport\u00e9 le prix Janet Savage Blachford de la QWF pour la litt\u00e9rature pour enfants et jeunes adultes. Anne collabore r\u00e9guli\u00e8rement \u00e0 des magazines pour enfants. Elle vit et \u00e9crit \u00e0 Westmount, au Qu\u00e9bec.<\/p>\n<h5>Mise en lumi\u00e8re d&rsquo;auteurs montr\u00e9alais<\/h5>\n<p><strong>13 h 00 &#8211; 15 h 00<\/strong><\/p>\n<p><strong>Linda Leith <\/strong>est l&rsquo;auteure de huit livres, dont le plus r\u00e9cent est <a href=\"https:\/\/uofrpress.ca\/Books\/T\/The-Girl-from-Dream-City\">The Girl from Dream City : A Literary Life (University of Regina Press, 2021)<\/a>. Fondatrice du Festival litt\u00e9raire international de Montr\u00e9al Metropolis bleu et directrice artistique de 1998 \u00e0 2010, elle vit \u00e0 Westmount et est maintenant \u00e9ditrice chez Linda Leith Publishing | Linda Leith Editions.<\/p>\n<p><strong>Rebecca Morris<\/strong> est une \u00e9crivaine et enseignante montr\u00e9alaise dont les r\u00e9cits ont remport\u00e9 le Malahat Review Open Season Award for Fiction et le concours Emerging Writers Fiction de la Humber Literary Review. Ancienne \u00e9l\u00e8ve du Banff Centre, elle a re\u00e7u une bourse du Conseil des Arts du Canada et est un membre actif de la Quebec Writers&rsquo; Federation. Son premier roman, <a href=\"https:\/\/www.lindaleith.com\/en\/Pages\/bookDetail\/Other_Maps\">Other Maps<\/a>, para\u00eetra le 14 septembre chez Linda Leith Publishing.<\/p>\n<p><strong>Sivan Slapak<\/strong> est une \u00e9crivaine bas\u00e9e \u00e0 Montr\u00e9al. Son travail a \u00e9t\u00e9 publi\u00e9 dans The New Quarterly, Montreal Serai, carte blanche, et dans des collections publi\u00e9es par V\u00e9hicule Press et Guernica Editions. Elle a \u00e9t\u00e9 finaliste du Concours d&rsquo;\u00e9criture du Qu\u00e9bec de la CBC, a remport\u00e9 le TNQ Peter Hinchcliffe Fiction Award une fois, et a \u00e9t\u00e9 s\u00e9lectionn\u00e9e deux fois pour ce prix. <a href=\"https:\/\/www.lindaleith.com\/en\/pages\/book-detail\/Here_Is_Still_Here\">Here Is Still Here<\/a>, qui vient de para\u00eetre chez Linda Leith Publishing (printemps 2024), est son premier livre.<\/p>\n<h5>Musique en direct sur Greene<\/h5>\n<p><strong>12h \u00e0 12h50<\/strong>\u00a0Ema Jean \u2013 (folk, contemporary jazz originals and covers)<br \/>\nN\u00e9e et \u00e9lev\u00e9e par deux musiciens, Ema Jean a chant\u00e9, \u00e9crit des chansons et donn\u00e9 des spectacles pendant la majeure partie de sa vie. Adolescente, elle a commenc\u00e9 \u00e0 jouer sa propre musique dans les caf\u00e9s et les bars de Montr\u00e9al et a sorti son premier album, Solace, en 2015. Elle a ensuite \u00e9tudi\u00e9 le jazz vocal \u00e0 l&rsquo;Universit\u00e9 du Texas du Nord et au Conservatoire Liceu de Barcelone. Ema a v\u00e9cu et perfectionn\u00e9 son art en Espagne pendant les cinq ann\u00e9es suivantes, sortant un single tr\u00e8s populaire en 2018, Telephone Wires, et deux autres albums : Room For Fascination (2019) et Emanuelle Kami (2022). Ema s&rsquo;est produite dans une pl\u00e9thore de lieux, dont Jamboree (Barcelone), Upstairs (Montr\u00e9al), Ghost Gallery (Brooklyn) et le Centre andalou d&rsquo;art contemporain (S\u00e9ville). Elle a jou\u00e9 avec certains des meilleurs musiciens de jazz contemporain de Montr\u00e9al et de Barcelone. Ema se produit actuellement en solo \u00e0 Montr\u00e9al et dans les environs et \u00e9crit pour son prochain album.<br \/>\n<a href=\"https:\/\/emajean.bandcamp.com\/\">Bandcamp<\/a> <a href=\"https:\/\/www.youtube.com\/@emajeanmusic\">Youtube<\/a> <a href=\"https:\/\/www.instagram.com\/emajeanyo\">Instagram<\/a> <a href=\"https:\/\/open.spotify.com\/artist\/5xSNrzS0y7HkxSdHeFYaFF?si=l0mpcw3vQRaoezgMoVBUNg\">Spotify<\/a><\/p>\n<p><strong>13h10 \u00e0 14h<\/strong> Rob n\u2019 Cash (country\/rock)<\/p>\n<p>Rob Brennan est un v\u00e9t\u00e9ran de la sc\u00e8ne musicale de Montr\u00e9al, qui a jou\u00e9 dans des clubs, lors d&rsquo;\u00e9v\u00e9nements corporatifs et priv\u00e9s, dans des festivals et lors de sessions en studio. Les interpr\u00e9tations de vieux classiques et de nouveaut\u00e9s de ce chanteur\/guitariste ne manqueront pas de plaire !<\/p>\n<p>Cassius Lobo est un bassiste\/chanteur autodidacte qui poss\u00e8de un large \u00e9ventail de styles, notamment le R&amp;B, le rock, la country, le blues et la pop. Sa diversit\u00e9 stylistique et ses capacit\u00e9s vocales, associ\u00e9es \u00e0 ses solides instincts musicaux et \u00e0 une approche pleine d&rsquo;\u00e2me, lui permettent de se fondre harmonieusement dans n&rsquo;importe quelle situation musicale et de compl\u00e9ter Rob.<\/p>\n<p><strong>3:30pm \u2013 4:20pm<\/strong> Crooked Creek (Bluegrass)<br \/>\nCrooked Creek est un groupe de bluegrass en devenir bas\u00e9 \u00e0 Montr\u00e9al. Passionn\u00e9s par les racines folkloriques, ils s&rsquo;efforcent de jouer des spectacles compos\u00e9s principalement de chansons originales et de classiques du bluegrass et du old-time. Ils ont lanc\u00e9 leur premier EP \u00e9ponyme en 2021 et enregistrent actuellement un album complet dont la sortie est pr\u00e9vue pour septembre 2024. Le groupe s&rsquo;est produit au Celt Fest \u00e0 Almonte ON, aux Bluegrass Mondays au Red Bird Live \u00e0 Ottawa, au Palmer Rapids Festival (2023), au Crossover Music Festival au Royaume-Uni (2023), au Tottenham Bluegrass Festival (2024) et dans leur ville natale de Montr\u00e9al au Grumpys, au Barfly et au Wheel Club.<\/p>\n<p><a href=\"https:\/\/www.youtube.com\/watch?v=0aCCwi5mDN0\"> YouTube<\/a>\u00a0 \u00a0<a href=\"https:\/\/www.youtube.com\/watch?v=y56gP9KZw_4\">YouTube<\/a><\/p>\n<h5><\/h5>\n<h5>Artistes locaux<\/h5>\n<p>Les artistes suivants exposeront leurs \u0153uvres <strong>de 10h \u00e0 17h<\/strong><\/p>\n<p><strong>Catherine Benny<\/strong> <a href=\"http:\/\/www.catherinebenny.com\">www.catherinebenny.com<\/a><br \/>\nN\u00e9e \u00e0 Montr\u00e9al, au Canada, Catherine Benny a commenc\u00e9 \u00e0 peindre lorsque ses enfants \u00e9taient grands. C&rsquo;est une artiste instinctive qui peint \u00e0 l&rsquo;huile en appliquant les couleurs directement sur la toile \u00e0 l&rsquo;aide de pinceaux et de couteaux \u00e0 palette. Son mouvement et sa sensibilit\u00e9 sont au c\u0153ur de ses \u0153uvres lumineuses et color\u00e9es. La passion, la pers\u00e9v\u00e9rance et l&rsquo;engagement ont contribu\u00e9 \u00e0 son succ\u00e8s en tant que peintre. De ses peintures de la nature \u00e0 ses paysages urbains, il y a un mouvement et une fra\u00eecheur qui rendent son travail int\u00e9ressant et populaire.<\/p>\n<p><strong>John Baily<\/strong> <a href=\"https:\/\/sketchesbyjbailey.com\/greene-avenue\/\">https:\/\/sketchesbyjbailey.com\/greene-avenue\/<\/a><br \/>\nJohn Bailey dessine et peint des aquarelles depuis plus de 30 ans. Il a commenc\u00e9 par suivre des cours du soir au d\u00e9but des ann\u00e9es 1990, tout en travaillant \u00e0 temps pleine comme dirigeant d\u2019entreprise. Depuis la troisi\u00e8me vague de la pand\u00e9mie, ses \u00e9tudes locales de Montr\u00e9al jouissent d&rsquo;une popularit\u00e9 consid\u00e9rable. Son art a \u00e9t\u00e9 pr\u00e9sent\u00e9 sur CTV News et appr\u00e9ci\u00e9 par le grand public sure les pages du groupe Facebook Montr\u00e9al. C\u2019est la premi\u00e8re fois que ses originaux sont pr\u00e9sent\u00e9s en public.<\/p>\n<p><span style=\"font-weight: 400;\">\u00ab Mon art est une collection d\u2019aquarelles repr\u00e9sentant les sc\u00e8nes ordinaires du quotidien qui nous entourent. Il r\u00e9v\u00e8le et accentue la beaut\u00e9 qu\u2019ils contiennent chacun. Ces peintures \u00e9voquent souvent des sentiments de nostalgie, de calme et m\u00eame de s\u00e9r\u00e9nit\u00e9. Ces r\u00e9actions contribuent toutes \u00e0 am\u00e9liorer notre sentiment de connexion et d\u2019appartenance \u00e0 nos localit\u00e9s.\u00a0<\/span><\/p>\n<p><span style=\"font-weight: 400;\">Mon processus consiste d\u2019abord \u00e0 prendre des photographies sur place qui capturent leurs perspectives et l\u2019\u00e9clairage que je pr\u00e9f\u00e8re. J\u2019utilise ces photos pour dessiner le sujet au graphite, puis je s\u00e9lectionne les lignes \u00e0 accentuer avec les stylos \u00e0 encre noir. Apr\u00e8s cela, toutes les lignes de graphite sont effac\u00e9es puis plusieurs passes d\u2019aquarelle sont appliqu\u00e9es. Le dessin est extr\u00eamement important. Je crois que le dessin est la grammaire de la peinture.\u00a0<\/span><\/p>\n<p><span style=\"font-weight: 400;\">Mon style et mes sujets refl\u00e8tent la conviction que la vie est plus agr\u00e9able si nous pouvons voir la beaut\u00e9 de notre environnement imm\u00e9diat. \u00bb<\/span><\/p>\n<h5>Activit\u00e9s sur la rue \/ Artistes<\/h5>\n<p><strong>11h \u00e0 16h <\/strong>Maquillage des enfants avec Diva<br \/>\nPeinture faciale pour enfants avec l&rsquo;amusante et talentueuse Diva &#8211; de retour \u00e0 la demande populaire ! Greene pr\u00e8s du coin de DeMaissoneuve<\/p>\n<p><strong>11h30am \u00e0 14h30<\/strong>\u00a0Zazou<br \/>\nL&rsquo;incroyable artiste de cirque Zazou vous \u00e9tonnera avec ses jongleries, ses acrobaties et bien plus encore ! Retrouvez-le sur Greene Ave.<\/p>\n<p><strong>12h30 \u00e0 14h30<\/strong> Mr. Magic<br \/>\nMonsieur Magic est de retour ! Il r\u00e9alise d&rsquo;habiles tours de passe-passe et des illusions visuelles comiques de pr\u00e8s et sur sc\u00e8ne. Des tours \u00e9poustouflants et color\u00e9s avec des cordes, des anneaux, des cartes et bien plus encore ! Monsieur Magic sera pr\u00e9sent sur Greene Ave.<\/p>\n<p><strong>14h30 \u00e0 15h30<\/strong> Fashion Parade on Greene<br \/>\nD\u00e9couvrez les nouvelles tendances de l&rsquo;automne gr\u00e2ce aux boutiques de mode de Greene Avenue. Un d\u00e9fil\u00e9 de mode sur Greene au son d&rsquo;une musique entra\u00eenante !<\/p>\n<p><strong>12h30 \u00e0 15h30<\/strong>\u00a0Amanda Dandelion<br \/>\nArtiste de cirque et \u00e9chassi\u00e8re par excellence ! Cherchez-la sur Greene &#8211; levez les yeux !<\/p>\n<h5>Activit\u00e9s \u2013 Greene Ave<\/h5>\n<p><strong>11h \u00e0 17h<\/strong>\u00a0Photomaton : prenez une photo en solo, en famille ou en groupe !<br \/>\n<strong>11h \u00e0 17h<\/strong> Le plaisir des bulles &#8211; pour tous les \u00e2ges. Venez inonder Greene de bulles avec nos baguettes magiques !<br \/>\n<strong>11h \u00e0 17h<\/strong> Friandises pour chiens et photomaton<br \/>\n<strong>11h \u00e0 17h<\/strong> Une vari\u00e9t\u00e9 de jeux et d&rsquo;activit\u00e9s pour les enfants et les parents sur Greene<\/p>\n<p>&nbsp;<\/p>\n","protected":false},"excerpt":{"rendered":"<p>TOUTES les activit\u00e9s du festival pr\u00e9vues le samedi 7 septembre auront lieu le dimanche 8 septembre en raison de la pluie annonc\u00e9e. R\u00e9servez les dates : Les 7 et 8 septembre. Quartier Greene Festival Schedule of Events Dimanche, le 8 [&hellip;]<\/p>\n","protected":false},"author":7,"featured_media":5201,"comment_status":"closed","ping_status":"closed","sticky":false,"template":"","format":"standard","meta":{"_acf_changed":false,"footnotes":""},"categories":[1],"tags":[],"class_list":["post-5190","post","type-post","status-publish","format-standard","has-post-thumbnail","hentry","category-non-classifiee"],"acf":[],"yoast_head":"<!-- This site is optimized with the Yoast SEO plugin v23.4 - https:\/\/yoast.com\/wordpress\/plugins\/seo\/ -->\n<title>Festival de rue d&#039;automne 2024 - Quartier Greene<\/title>\n<meta name=\"robots\" content=\"index, follow, max-snippet:-1, max-image-preview:large, max-video-preview:-1\" \/>\n<link rel=\"canonical\" href=\"https:\/\/quartiergreene.ca\/fr\/festival-de-rue-dautomne\/\" \/>\n<meta property=\"og:locale\" content=\"fr_FR\" \/>\n<meta property=\"og:type\" content=\"article\" \/>\n<meta property=\"og:title\" content=\"Festival de rue d&#039;automne 2024 - Quartier Greene\" \/>\n<meta property=\"og:description\" content=\"TOUTES les activit\u00e9s du festival pr\u00e9vues le samedi 7 septembre auront lieu le dimanche 8 septembre en raison de la pluie annonc\u00e9e. R\u00e9servez les dates : Les 7 et 8 septembre. Quartier Greene Festival Schedule of Events Dimanche, le 8 [&hellip;]\" \/>\n<meta property=\"og:url\" content=\"https:\/\/quartiergreene.ca\/fr\/festival-de-rue-dautomne\/\" \/>\n<meta property=\"og:site_name\" content=\"Quartier Greene\" \/>\n<meta property=\"article:publisher\" content=\"https:\/\/www.facebook.com\/Quartier-Greene-201511353217647\/\" \/>\n<meta property=\"article:published_time\" content=\"2024-08-24T18:43:39+00:00\" \/>\n<meta property=\"article:modified_time\" content=\"2024-09-06T16:33:52+00:00\" \/>\n<meta property=\"og:image\" content=\"https:\/\/quartiergreene.ca\/wp-content\/uploads\/2024\/08\/fallfest-01.png\" \/>\n\t<meta property=\"og:image:width\" content=\"1500\" \/>\n\t<meta property=\"og:image:height\" content=\"1500\" \/>\n\t<meta property=\"og:image:type\" content=\"image\/png\" \/>\n<meta name=\"author\" content=\"Anayis Ecityan\" \/>\n<meta name=\"twitter:card\" content=\"summary_large_image\" \/>\n<meta name=\"twitter:creator\" content=\"@QuartierGreene\" \/>\n<meta name=\"twitter:site\" content=\"@QuartierGreene\" \/>\n<meta name=\"twitter:label1\" content=\"\u00c9crit par\" \/>\n\t<meta name=\"twitter:data1\" content=\"Anayis Ecityan\" \/>\n\t<meta name=\"twitter:label2\" content=\"Dur\u00e9e de lecture estim\u00e9e\" \/>\n\t<meta name=\"twitter:data2\" content=\"8 minutes\" \/>\n<script type=\"application\/ld+json\" class=\"yoast-schema-graph\">{\"@context\":\"https:\/\/schema.org\",\"@graph\":[{\"@type\":\"Article\",\"@id\":\"https:\/\/quartiergreene.ca\/fr\/festival-de-rue-dautomne\/#article\",\"isPartOf\":{\"@id\":\"https:\/\/quartiergreene.ca\/fr\/festival-de-rue-dautomne\/\"},\"author\":{\"name\":\"Anayis Ecityan\",\"@id\":\"https:\/\/quartiergreene.ca\/fr\/#\/schema\/person\/388e244ab08ed9c286d5cce0a9a9cf84\"},\"headline\":\"Festival de rue d&rsquo;automne 2024\",\"datePublished\":\"2024-08-24T18:43:39+00:00\",\"dateModified\":\"2024-09-06T16:33:52+00:00\",\"mainEntityOfPage\":{\"@id\":\"https:\/\/quartiergreene.ca\/fr\/festival-de-rue-dautomne\/\"},\"wordCount\":1696,\"publisher\":{\"@id\":\"https:\/\/quartiergreene.ca\/fr\/#organization\"},\"image\":{\"@id\":\"https:\/\/quartiergreene.ca\/fr\/festival-de-rue-dautomne\/#primaryimage\"},\"thumbnailUrl\":\"https:\/\/quartiergreene.ca\/wp-content\/uploads\/2024\/08\/fallfest-01.png\",\"articleSection\":[\"Non classifi\u00e9(e)\"],\"inLanguage\":\"fr-FR\"},{\"@type\":\"WebPage\",\"@id\":\"https:\/\/quartiergreene.ca\/fr\/festival-de-rue-dautomne\/\",\"url\":\"https:\/\/quartiergreene.ca\/fr\/festival-de-rue-dautomne\/\",\"name\":\"Festival de rue d'automne 2024 - Quartier Greene\",\"isPartOf\":{\"@id\":\"https:\/\/quartiergreene.ca\/fr\/#website\"},\"primaryImageOfPage\":{\"@id\":\"https:\/\/quartiergreene.ca\/fr\/festival-de-rue-dautomne\/#primaryimage\"},\"image\":{\"@id\":\"https:\/\/quartiergreene.ca\/fr\/festival-de-rue-dautomne\/#primaryimage\"},\"thumbnailUrl\":\"https:\/\/quartiergreene.ca\/wp-content\/uploads\/2024\/08\/fallfest-01.png\",\"datePublished\":\"2024-08-24T18:43:39+00:00\",\"dateModified\":\"2024-09-06T16:33:52+00:00\",\"breadcrumb\":{\"@id\":\"https:\/\/quartiergreene.ca\/fr\/festival-de-rue-dautomne\/#breadcrumb\"},\"inLanguage\":\"fr-FR\",\"potentialAction\":[{\"@type\":\"ReadAction\",\"target\":[\"https:\/\/quartiergreene.ca\/fr\/festival-de-rue-dautomne\/\"]}]},{\"@type\":\"ImageObject\",\"inLanguage\":\"fr-FR\",\"@id\":\"https:\/\/quartiergreene.ca\/fr\/festival-de-rue-dautomne\/#primaryimage\",\"url\":\"https:\/\/quartiergreene.ca\/wp-content\/uploads\/2024\/08\/fallfest-01.png\",\"contentUrl\":\"https:\/\/quartiergreene.ca\/wp-content\/uploads\/2024\/08\/fallfest-01.png\",\"width\":1500,\"height\":1500},{\"@type\":\"BreadcrumbList\",\"@id\":\"https:\/\/quartiergreene.ca\/fr\/festival-de-rue-dautomne\/#breadcrumb\",\"itemListElement\":[{\"@type\":\"ListItem\",\"position\":1,\"name\":\"Home\",\"item\":\"https:\/\/quartiergreene.ca\/fr\/\"},{\"@type\":\"ListItem\",\"position\":2,\"name\":\"Festival de rue d&#8217;automne 2024\"}]},{\"@type\":\"WebSite\",\"@id\":\"https:\/\/quartiergreene.ca\/fr\/#website\",\"url\":\"https:\/\/quartiergreene.ca\/fr\/\",\"name\":\"Quartier Greene\",\"description\":\"City style, neighbourhood charm\",\"publisher\":{\"@id\":\"https:\/\/quartiergreene.ca\/fr\/#organization\"},\"potentialAction\":[{\"@type\":\"SearchAction\",\"target\":{\"@type\":\"EntryPoint\",\"urlTemplate\":\"https:\/\/quartiergreene.ca\/fr\/?s={search_term_string}\"},\"query-input\":{\"@type\":\"PropertyValueSpecification\",\"valueRequired\":true,\"valueName\":\"search_term_string\"}}],\"inLanguage\":\"fr-FR\"},{\"@type\":\"Organization\",\"@id\":\"https:\/\/quartiergreene.ca\/fr\/#organization\",\"name\":\"Greene Neighbourhood Merchants\u2019 Association\",\"url\":\"https:\/\/quartiergreene.ca\/fr\/\",\"logo\":{\"@type\":\"ImageObject\",\"inLanguage\":\"fr-FR\",\"@id\":\"https:\/\/quartiergreene.ca\/fr\/#\/schema\/logo\/image\/\",\"url\":\"https:\/\/quartiergreene.ca\/wp-content\/uploads\/2019\/05\/logo-quartier-greene-westmount.svg\",\"contentUrl\":\"https:\/\/quartiergreene.ca\/wp-content\/uploads\/2019\/05\/logo-quartier-greene-westmount.svg\",\"width\":360,\"height\":65,\"caption\":\"Greene Neighbourhood Merchants\u2019 Association\"},\"image\":{\"@id\":\"https:\/\/quartiergreene.ca\/fr\/#\/schema\/logo\/image\/\"},\"sameAs\":[\"https:\/\/www.facebook.com\/Quartier-Greene-201511353217647\/\",\"https:\/\/x.com\/QuartierGreene\"]},{\"@type\":\"Person\",\"@id\":\"https:\/\/quartiergreene.ca\/fr\/#\/schema\/person\/388e244ab08ed9c286d5cce0a9a9cf84\",\"name\":\"Anayis Ecityan\",\"image\":{\"@type\":\"ImageObject\",\"inLanguage\":\"fr-FR\",\"@id\":\"https:\/\/quartiergreene.ca\/fr\/#\/schema\/person\/image\/\",\"url\":\"https:\/\/secure.gravatar.com\/avatar\/20b754725668b87e43fcd1a79a12d5eb31f1e312767f688b367bfc0e90f80b77?s=96&d=mm&r=g\",\"contentUrl\":\"https:\/\/secure.gravatar.com\/avatar\/20b754725668b87e43fcd1a79a12d5eb31f1e312767f688b367bfc0e90f80b77?s=96&d=mm&r=g\",\"caption\":\"Anayis Ecityan\"}}]}<\/script>\n<!-- \/ Yoast SEO plugin. -->","yoast_head_json":{"title":"Festival de rue d'automne 2024 - Quartier Greene","robots":{"index":"index","follow":"follow","max-snippet":"max-snippet:-1","max-image-preview":"max-image-preview:large","max-video-preview":"max-video-preview:-1"},"canonical":"https:\/\/quartiergreene.ca\/fr\/festival-de-rue-dautomne\/","og_locale":"fr_FR","og_type":"article","og_title":"Festival de rue d'automne 2024 - Quartier Greene","og_description":"TOUTES les activit\u00e9s du festival pr\u00e9vues le samedi 7 septembre auront lieu le dimanche 8 septembre en raison de la pluie annonc\u00e9e. R\u00e9servez les dates : Les 7 et 8 septembre. Quartier Greene Festival Schedule of Events Dimanche, le 8 [&hellip;]","og_url":"https:\/\/quartiergreene.ca\/fr\/festival-de-rue-dautomne\/","og_site_name":"Quartier Greene","article_publisher":"https:\/\/www.facebook.com\/Quartier-Greene-201511353217647\/","article_published_time":"2024-08-24T18:43:39+00:00","article_modified_time":"2024-09-06T16:33:52+00:00","og_image":[{"width":1500,"height":1500,"url":"https:\/\/quartiergreene.ca\/wp-content\/uploads\/2024\/08\/fallfest-01.png","type":"image\/png"}],"author":"Anayis Ecityan","twitter_card":"summary_large_image","twitter_creator":"@QuartierGreene","twitter_site":"@QuartierGreene","twitter_misc":{"\u00c9crit par":"Anayis Ecityan","Dur\u00e9e de lecture estim\u00e9e":"8 minutes"},"schema":{"@context":"https:\/\/schema.org","@graph":[{"@type":"Article","@id":"https:\/\/quartiergreene.ca\/fr\/festival-de-rue-dautomne\/#article","isPartOf":{"@id":"https:\/\/quartiergreene.ca\/fr\/festival-de-rue-dautomne\/"},"author":{"name":"Anayis Ecityan","@id":"https:\/\/quartiergreene.ca\/fr\/#\/schema\/person\/388e244ab08ed9c286d5cce0a9a9cf84"},"headline":"Festival de rue d&rsquo;automne 2024","datePublished":"2024-08-24T18:43:39+00:00","dateModified":"2024-09-06T16:33:52+00:00","mainEntityOfPage":{"@id":"https:\/\/quartiergreene.ca\/fr\/festival-de-rue-dautomne\/"},"wordCount":1696,"publisher":{"@id":"https:\/\/quartiergreene.ca\/fr\/#organization"},"image":{"@id":"https:\/\/quartiergreene.ca\/fr\/festival-de-rue-dautomne\/#primaryimage"},"thumbnailUrl":"https:\/\/quartiergreene.ca\/wp-content\/uploads\/2024\/08\/fallfest-01.png","articleSection":["Non classifi\u00e9(e)"],"inLanguage":"fr-FR"},{"@type":"WebPage","@id":"https:\/\/quartiergreene.ca\/fr\/festival-de-rue-dautomne\/","url":"https:\/\/quartiergreene.ca\/fr\/festival-de-rue-dautomne\/","name":"Festival de rue d'automne 2024 - Quartier Greene","isPartOf":{"@id":"https:\/\/quartiergreene.ca\/fr\/#website"},"primaryImageOfPage":{"@id":"https:\/\/quartiergreene.ca\/fr\/festival-de-rue-dautomne\/#primaryimage"},"image":{"@id":"https:\/\/quartiergreene.ca\/fr\/festival-de-rue-dautomne\/#primaryimage"},"thumbnailUrl":"https:\/\/quartiergreene.ca\/wp-content\/uploads\/2024\/08\/fallfest-01.png","datePublished":"2024-08-24T18:43:39+00:00","dateModified":"2024-09-06T16:33:52+00:00","breadcrumb":{"@id":"https:\/\/quartiergreene.ca\/fr\/festival-de-rue-dautomne\/#breadcrumb"},"inLanguage":"fr-FR","potentialAction":[{"@type":"ReadAction","target":["https:\/\/quartiergreene.ca\/fr\/festival-de-rue-dautomne\/"]}]},{"@type":"ImageObject","inLanguage":"fr-FR","@id":"https:\/\/quartiergreene.ca\/fr\/festival-de-rue-dautomne\/#primaryimage","url":"https:\/\/quartiergreene.ca\/wp-content\/uploads\/2024\/08\/fallfest-01.png","contentUrl":"https:\/\/quartiergreene.ca\/wp-content\/uploads\/2024\/08\/fallfest-01.png","width":1500,"height":1500},{"@type":"BreadcrumbList","@id":"https:\/\/quartiergreene.ca\/fr\/festival-de-rue-dautomne\/#breadcrumb","itemListElement":[{"@type":"ListItem","position":1,"name":"Home","item":"https:\/\/quartiergreene.ca\/fr\/"},{"@type":"ListItem","position":2,"name":"Festival de rue d&#8217;automne 2024"}]},{"@type":"WebSite","@id":"https:\/\/quartiergreene.ca\/fr\/#website","url":"https:\/\/quartiergreene.ca\/fr\/","name":"Quartier Greene","description":"City style, neighbourhood charm","publisher":{"@id":"https:\/\/quartiergreene.ca\/fr\/#organization"},"potentialAction":[{"@type":"SearchAction","target":{"@type":"EntryPoint","urlTemplate":"https:\/\/quartiergreene.ca\/fr\/?s={search_term_string}"},"query-input":{"@type":"PropertyValueSpecification","valueRequired":true,"valueName":"search_term_string"}}],"inLanguage":"fr-FR"},{"@type":"Organization","@id":"https:\/\/quartiergreene.ca\/fr\/#organization","name":"Greene Neighbourhood Merchants\u2019 Association","url":"https:\/\/quartiergreene.ca\/fr\/","logo":{"@type":"ImageObject","inLanguage":"fr-FR","@id":"https:\/\/quartiergreene.ca\/fr\/#\/schema\/logo\/image\/","url":"https:\/\/quartiergreene.ca\/wp-content\/uploads\/2019\/05\/logo-quartier-greene-westmount.svg","contentUrl":"https:\/\/quartiergreene.ca\/wp-content\/uploads\/2019\/05\/logo-quartier-greene-westmount.svg","width":360,"height":65,"caption":"Greene Neighbourhood Merchants\u2019 Association"},"image":{"@id":"https:\/\/quartiergreene.ca\/fr\/#\/schema\/logo\/image\/"},"sameAs":["https:\/\/www.facebook.com\/Quartier-Greene-201511353217647\/","https:\/\/x.com\/QuartierGreene"]},{"@type":"Person","@id":"https:\/\/quartiergreene.ca\/fr\/#\/schema\/person\/388e244ab08ed9c286d5cce0a9a9cf84","name":"Anayis Ecityan","image":{"@type":"ImageObject","inLanguage":"fr-FR","@id":"https:\/\/quartiergreene.ca\/fr\/#\/schema\/person\/image\/","url":"https:\/\/secure.gravatar.com\/avatar\/20b754725668b87e43fcd1a79a12d5eb31f1e312767f688b367bfc0e90f80b77?s=96&d=mm&r=g","contentUrl":"https:\/\/secure.gravatar.com\/avatar\/20b754725668b87e43fcd1a79a12d5eb31f1e312767f688b367bfc0e90f80b77?s=96&d=mm&r=g","caption":"Anayis Ecityan"}}]}},"_links":{"self":[{"href":"https:\/\/quartiergreene.ca\/fr\/wp-json\/wp\/v2\/posts\/5190","targetHints":{"allow":["GET"]}}],"collection":[{"href":"https:\/\/quartiergreene.ca\/fr\/wp-json\/wp\/v2\/posts"}],"about":[{"href":"https:\/\/quartiergreene.ca\/fr\/wp-json\/wp\/v2\/types\/post"}],"author":[{"embeddable":true,"href":"https:\/\/quartiergreene.ca\/fr\/wp-json\/wp\/v2\/users\/7"}],"replies":[{"embeddable":true,"href":"https:\/\/quartiergreene.ca\/fr\/wp-json\/wp\/v2\/comments?post=5190"}],"version-history":[{"count":10,"href":"https:\/\/quartiergreene.ca\/fr\/wp-json\/wp\/v2\/posts\/5190\/revisions"}],"predecessor-version":[{"id":5218,"href":"https:\/\/quartiergreene.ca\/fr\/wp-json\/wp\/v2\/posts\/5190\/revisions\/5218"}],"wp:featuredmedia":[{"embeddable":true,"href":"https:\/\/quartiergreene.ca\/fr\/wp-json\/wp\/v2\/media\/5201"}],"wp:attachment":[{"href":"https:\/\/quartiergreene.ca\/fr\/wp-json\/wp\/v2\/media?parent=5190"}],"wp:term":[{"taxonomy":"category","embeddable":true,"href":"https:\/\/quartiergreene.ca\/fr\/wp-json\/wp\/v2\/categories?post=5190"},{"taxonomy":"post_tag","embeddable":true,"href":"https:\/\/quartiergreene.ca\/fr\/wp-json\/wp\/v2\/tags?post=5190"}],"curies":[{"name":"wp","href":"https:\/\/api.w.org\/{rel}","templated":true}]}}