{"id":5282,"date":"2025-05-16T10:34:27","date_gmt":"2025-05-16T14:34:27","guid":{"rendered":"https:\/\/quartiergreene.ca\/?p=5282"},"modified":"2025-06-07T11:33:44","modified_gmt":"2025-06-07T15:33:44","slug":"le-festival-de-quartier-greene-de-2025","status":"publish","type":"post","link":"https:\/\/quartiergreene.ca\/fr\/le-festival-de-quartier-greene-de-2025\/","title":{"rendered":"Le festival de Quartier Greene de 2025"},"content":{"rendered":"<h2 style=\"text-align: center;\">Festival de rue du Quartier Greene<\/h2>\n<h3 style=\"text-align: center;\">LE 7 JUIN 2025<\/h3>\n<p style=\"text-align: center;\">*En cas de pluie, le 8 juin 2025.<\/p>\n<p style=\"text-align: center;\"><b>Greene Avenue sera une rue pi\u00e9tonne entre Sherbrooke et Sainte-Catherine.<\/b><\/p>\n<p>&nbsp;<\/p>\n<h4><strong>Du plaisir toute la journ\u00e9e !<\/strong><\/h4>\n<p>10 h &#8211; 16 h 30 <strong><em>Exposition de voitures anciennes sur Greene Avenue<\/em><\/strong><br \/>\n10 h &#8211; 17 h Artistes <em>John Baily,<\/em>\u00a0<em>Catherine Benny, Anna Gedelof <\/em>et <em>Shahrzad Ghaffari<br \/>\n<\/em>11 h &#8211; 14 h Auteurs de livres pour enfants <em>Judith Henderson<\/em> et <em>Anne Renaud<br \/>\n<\/em>11 h &#8211; 14 h\u00a0<em>Construis ton quartier <\/em>Imagine toutes les possibilit\u00e9s dans ton quartier! Dans cette activit\u00e9 de bricolage amusante pour les enfants, tu vas cr\u00e9er une maison, un commerce ou une entreprise \u00e0 ajouter \u00e0 notre quartier grandissant. Ensemble, nous construirons une tour g\u00e9ante pour c\u00e9l\u00e9brer les gens et les lieux qui donnent vie \u00e0 nos communaut\u00e9s! Pr\u00e9sent\u00e9 par Construisons Montr\u00e9al.<br \/>\n11 h &#8211; 15 h Maquillage pour enfants avec <em>Diva<\/em><\/p>\n<p><strong>EXPOSITION EN GALERIE D&rsquo;ART<\/strong><\/p>\n<p><em><strong>Han Modern and Contemporary<\/strong><\/em> sera l&rsquo;h\u00f4te d&rsquo;une exposition d&rsquo;accueil de l&rsquo;\u00e9t\u00e9 \u00e0 partir de la fin de semaine du 7 juin !<\/p>\n<p>La galerie sera remplie de peintures repr\u00e9sentant les <strong>magnifiques paysages canadiens<\/strong>. Notre s\u00e9lection comprend un \u00e9ventail de peintures avec des chefs-d&rsquo;\u0153uvre modernes et des peintures contemporaines. Cette exposition mettra en valeur la beaut\u00e9 des paysages canadiens, avec des images de soleil, de ciel d\u00e9gag\u00e9, d&rsquo;eau calme et de vues \u00e0 couper le souffle. L&rsquo;exposition pr\u00e9sente des artistes \u00e9minents de l&rsquo;est \u00e0 l&rsquo;ouest du Canada, avec des figures cl\u00e9s telles que Dorothy Knowles et Gregory Hardy repr\u00e9sentant la premi\u00e8re et la deuxi\u00e8me g\u00e9n\u00e9ration de peintres paysagistes des Prairies, et Alex Cameron, Catherine Perehudoff Fowler et Graham Fowler repr\u00e9sentant une vision audacieuse et passionnante du centre et de l&rsquo;est du Canada. Venez \u00e0 la galerie pour vous promener dans la diversit\u00e9 du paysage canadien avec les voix uniques des artistes canadiens.<\/p>\n<p>&nbsp;<\/p>\n<h4><b>MUSIQUE EN SC\u00c8NE<\/b><\/h4>\n<p style=\"text-align: center;\"><strong>LIEU A &#8211; Entre Sherbrooke et de Maisonneuve<\/strong><\/p>\n<p>11 h 30 &#8211; 12 h 15 <em>GERDA FINDEISEN<\/em> op\u00e9ra avec accompagnement au piano<\/p>\n<p>12 h 45 \u2013 13 h 45 <em>THE GRINDERS<\/em> duo acoustique (rock classique)<\/p>\n<p>13 h 45 \u2013 14 h 15 <em>MAFA STUDIO OUEST<\/em> Hip-hop pour les jeunes<\/p>\n<p>14 h 30 \u2013 15 h 15<em>\u00a0CALEB TAYLOR<\/em>\u00a0acoustique (soul \/ R&amp;B)<\/p>\n<p>15 h 45 \u2013 17 h <em>JUST COSTA <\/em>groupe de 4 musiciens (funk\/soul\/pop)<\/p>\n<p style=\"text-align: center;\"><strong>LIEU B &#8211; Sainte-Catherine et de Maisonneuve<\/strong><\/p>\n<p>12 h 00 \u2013 12 h 45 <em>STEPHANE COMTOIS<\/em> solo acoustique (folk)<\/p>\n<p>13 h 15 \u2013 14 h 00 <em>APOKALYPTIC<\/em> duo acoustique (pop rock)<\/p>\n<p>14 h 30 \u2013 15 h 00 <em>JOHN ABBOT COLLEGE THEATRE ARTS<\/em> th\u00e9\u00e2tre musical<\/p>\n<p>15 h 45 \u2013 16 h 30 <em>GRAINN\u00c9<\/em> \u2013 trio acoustique (musique celtique traditionnelle)<\/p>\n<p>&nbsp;<\/p>\n<p style=\"text-align: center;\"><strong>MUSICIENS DE RUE\/ARTISTES DE RUE<\/strong><\/p>\n<p style=\"text-align: center;\">*Retrouvez-les partout dans le Quartier Greene !<\/p>\n<p>11 h 30 &#8211; 13 h 30 <em>CALEB TAYLOR<\/em> solo acoustique (soul \/ R &amp; B) *Chez Nick<\/p>\n<p>12h30 &#8211; 15h <em>MONSIEUR MAGIC<\/em> Magie de rue<\/p>\n<p>13h &#8211; 16h <em>CAMILLE MONDAME MOUSTACHE<\/em> Arts du cirque<\/p>\n<p>14 h &#8211; 17 h <em>HODGSON\/DACOULIS<\/em> duo (jazz instrumental suave) *Cinq Saisons<\/p>\n<p>&nbsp;<\/p>\n<p>Mentionn\u00e9 sur <a href=\"https:\/\/www.virginradio.ca\/montreal\/events\/quartier-greene-festival.html\">Virgin Radio<\/a> et <a href=\"https:\/\/www.westmountmag.ca\/quartier-greene-festival-june-7-2025\/\">Westmount Mag<\/a><\/p>\n<p>&nbsp;<\/p>\n","protected":false},"excerpt":{"rendered":"<p>Festival de rue du Quartier Greene LE 7 JUIN 2025 *En cas de pluie, le 8 juin 2025. Greene Avenue sera une rue pi\u00e9tonne entre Sherbrooke et Sainte-Catherine. &nbsp; Du plaisir toute la journ\u00e9e ! 10 h &#8211; 16 h [&hellip;]<\/p>\n","protected":false},"author":7,"featured_media":5293,"comment_status":"closed","ping_status":"closed","sticky":false,"template":"","format":"standard","meta":{"_acf_changed":false,"footnotes":""},"categories":[1],"tags":[],"class_list":["post-5282","post","type-post","status-publish","format-standard","has-post-thumbnail","hentry","category-non-classifiee"],"acf":[],"yoast_head":"<!-- This site is optimized with the Yoast SEO plugin v23.4 - https:\/\/yoast.com\/wordpress\/plugins\/seo\/ -->\n<title>Le festival de Quartier Greene de 2025 - Quartier Greene<\/title>\n<meta name=\"description\" content=\"La saison tant attendue des festivals du Quartier Greene est enfin de retour.\" \/>\n<meta name=\"robots\" content=\"index, follow, max-snippet:-1, max-image-preview:large, max-video-preview:-1\" \/>\n<link rel=\"canonical\" href=\"https:\/\/quartiergreene.ca\/fr\/le-festival-de-quartier-greene-de-2025\/\" \/>\n<meta property=\"og:locale\" content=\"fr_FR\" \/>\n<meta property=\"og:type\" content=\"article\" \/>\n<meta property=\"og:title\" content=\"Le festival de Quartier Greene de 2025 - Quartier Greene\" \/>\n<meta property=\"og:description\" content=\"La saison tant attendue des festivals du Quartier Greene est enfin de retour.\" \/>\n<meta property=\"og:url\" content=\"https:\/\/quartiergreene.ca\/fr\/le-festival-de-quartier-greene-de-2025\/\" \/>\n<meta property=\"og:site_name\" content=\"Quartier Greene\" \/>\n<meta property=\"article:publisher\" content=\"https:\/\/www.facebook.com\/Quartier-Greene-201511353217647\/\" \/>\n<meta property=\"article:published_time\" content=\"2025-05-16T14:34:27+00:00\" \/>\n<meta property=\"article:modified_time\" content=\"2025-06-07T15:33:44+00:00\" \/>\n<meta property=\"og:image\" content=\"https:\/\/quartiergreene.ca\/wp-content\/uploads\/2025\/05\/qg-socmed.png\" \/>\n\t<meta property=\"og:image:width\" content=\"1500\" \/>\n\t<meta property=\"og:image:height\" content=\"1500\" \/>\n\t<meta property=\"og:image:type\" content=\"image\/png\" \/>\n<meta name=\"author\" content=\"Anayis Ecityan\" \/>\n<meta name=\"twitter:card\" content=\"summary_large_image\" \/>\n<meta name=\"twitter:creator\" content=\"@QuartierGreene\" \/>\n<meta name=\"twitter:site\" content=\"@QuartierGreene\" \/>\n<meta name=\"twitter:label1\" content=\"\u00c9crit par\" \/>\n\t<meta name=\"twitter:data1\" content=\"Anayis Ecityan\" \/>\n\t<meta name=\"twitter:label2\" content=\"Dur\u00e9e de lecture estim\u00e9e\" \/>\n\t<meta name=\"twitter:data2\" content=\"3 minutes\" \/>\n<script type=\"application\/ld+json\" class=\"yoast-schema-graph\">{\"@context\":\"https:\/\/schema.org\",\"@graph\":[{\"@type\":\"Article\",\"@id\":\"https:\/\/quartiergreene.ca\/fr\/le-festival-de-quartier-greene-de-2025\/#article\",\"isPartOf\":{\"@id\":\"https:\/\/quartiergreene.ca\/fr\/le-festival-de-quartier-greene-de-2025\/\"},\"author\":{\"name\":\"Anayis Ecityan\",\"@id\":\"https:\/\/quartiergreene.ca\/fr\/#\/schema\/person\/388e244ab08ed9c286d5cce0a9a9cf84\"},\"headline\":\"Le festival de Quartier Greene de 2025\",\"datePublished\":\"2025-05-16T14:34:27+00:00\",\"dateModified\":\"2025-06-07T15:33:44+00:00\",\"mainEntityOfPage\":{\"@id\":\"https:\/\/quartiergreene.ca\/fr\/le-festival-de-quartier-greene-de-2025\/\"},\"wordCount\":473,\"publisher\":{\"@id\":\"https:\/\/quartiergreene.ca\/fr\/#organization\"},\"image\":{\"@id\":\"https:\/\/quartiergreene.ca\/fr\/le-festival-de-quartier-greene-de-2025\/#primaryimage\"},\"thumbnailUrl\":\"https:\/\/quartiergreene.ca\/wp-content\/uploads\/2025\/05\/qg-socmed.png\",\"articleSection\":[\"Non classifi\u00e9(e)\"],\"inLanguage\":\"fr-FR\"},{\"@type\":\"WebPage\",\"@id\":\"https:\/\/quartiergreene.ca\/fr\/le-festival-de-quartier-greene-de-2025\/\",\"url\":\"https:\/\/quartiergreene.ca\/fr\/le-festival-de-quartier-greene-de-2025\/\",\"name\":\"Le festival de Quartier Greene de 2025 - Quartier Greene\",\"isPartOf\":{\"@id\":\"https:\/\/quartiergreene.ca\/fr\/#website\"},\"primaryImageOfPage\":{\"@id\":\"https:\/\/quartiergreene.ca\/fr\/le-festival-de-quartier-greene-de-2025\/#primaryimage\"},\"image\":{\"@id\":\"https:\/\/quartiergreene.ca\/fr\/le-festival-de-quartier-greene-de-2025\/#primaryimage\"},\"thumbnailUrl\":\"https:\/\/quartiergreene.ca\/wp-content\/uploads\/2025\/05\/qg-socmed.png\",\"datePublished\":\"2025-05-16T14:34:27+00:00\",\"dateModified\":\"2025-06-07T15:33:44+00:00\",\"description\":\"La saison tant attendue des festivals du Quartier Greene est enfin de retour.\",\"breadcrumb\":{\"@id\":\"https:\/\/quartiergreene.ca\/fr\/le-festival-de-quartier-greene-de-2025\/#breadcrumb\"},\"inLanguage\":\"fr-FR\",\"potentialAction\":[{\"@type\":\"ReadAction\",\"target\":[\"https:\/\/quartiergreene.ca\/fr\/le-festival-de-quartier-greene-de-2025\/\"]}]},{\"@type\":\"ImageObject\",\"inLanguage\":\"fr-FR\",\"@id\":\"https:\/\/quartiergreene.ca\/fr\/le-festival-de-quartier-greene-de-2025\/#primaryimage\",\"url\":\"https:\/\/quartiergreene.ca\/wp-content\/uploads\/2025\/05\/qg-socmed.png\",\"contentUrl\":\"https:\/\/quartiergreene.ca\/wp-content\/uploads\/2025\/05\/qg-socmed.png\",\"width\":1500,\"height\":1500},{\"@type\":\"BreadcrumbList\",\"@id\":\"https:\/\/quartiergreene.ca\/fr\/le-festival-de-quartier-greene-de-2025\/#breadcrumb\",\"itemListElement\":[{\"@type\":\"ListItem\",\"position\":1,\"name\":\"Home\",\"item\":\"https:\/\/quartiergreene.ca\/fr\/\"},{\"@type\":\"ListItem\",\"position\":2,\"name\":\"Le festival de Quartier Greene de 2025\"}]},{\"@type\":\"WebSite\",\"@id\":\"https:\/\/quartiergreene.ca\/fr\/#website\",\"url\":\"https:\/\/quartiergreene.ca\/fr\/\",\"name\":\"Quartier Greene\",\"description\":\"City style, neighbourhood charm\",\"publisher\":{\"@id\":\"https:\/\/quartiergreene.ca\/fr\/#organization\"},\"potentialAction\":[{\"@type\":\"SearchAction\",\"target\":{\"@type\":\"EntryPoint\",\"urlTemplate\":\"https:\/\/quartiergreene.ca\/fr\/?s={search_term_string}\"},\"query-input\":{\"@type\":\"PropertyValueSpecification\",\"valueRequired\":true,\"valueName\":\"search_term_string\"}}],\"inLanguage\":\"fr-FR\"},{\"@type\":\"Organization\",\"@id\":\"https:\/\/quartiergreene.ca\/fr\/#organization\",\"name\":\"Greene Neighbourhood Merchants\u2019 Association\",\"url\":\"https:\/\/quartiergreene.ca\/fr\/\",\"logo\":{\"@type\":\"ImageObject\",\"inLanguage\":\"fr-FR\",\"@id\":\"https:\/\/quartiergreene.ca\/fr\/#\/schema\/logo\/image\/\",\"url\":\"https:\/\/quartiergreene.ca\/wp-content\/uploads\/2019\/05\/logo-quartier-greene-westmount.svg\",\"contentUrl\":\"https:\/\/quartiergreene.ca\/wp-content\/uploads\/2019\/05\/logo-quartier-greene-westmount.svg\",\"width\":360,\"height\":65,\"caption\":\"Greene Neighbourhood Merchants\u2019 Association\"},\"image\":{\"@id\":\"https:\/\/quartiergreene.ca\/fr\/#\/schema\/logo\/image\/\"},\"sameAs\":[\"https:\/\/www.facebook.com\/Quartier-Greene-201511353217647\/\",\"https:\/\/x.com\/QuartierGreene\"]},{\"@type\":\"Person\",\"@id\":\"https:\/\/quartiergreene.ca\/fr\/#\/schema\/person\/388e244ab08ed9c286d5cce0a9a9cf84\",\"name\":\"Anayis Ecityan\",\"image\":{\"@type\":\"ImageObject\",\"inLanguage\":\"fr-FR\",\"@id\":\"https:\/\/quartiergreene.ca\/fr\/#\/schema\/person\/image\/\",\"url\":\"https:\/\/secure.gravatar.com\/avatar\/20b754725668b87e43fcd1a79a12d5eb31f1e312767f688b367bfc0e90f80b77?s=96&d=mm&r=g\",\"contentUrl\":\"https:\/\/secure.gravatar.com\/avatar\/20b754725668b87e43fcd1a79a12d5eb31f1e312767f688b367bfc0e90f80b77?s=96&d=mm&r=g\",\"caption\":\"Anayis Ecityan\"}}]}<\/script>\n<!-- \/ Yoast SEO plugin. -->","yoast_head_json":{"title":"Le festival de Quartier Greene de 2025 - Quartier Greene","description":"La saison tant attendue des festivals du Quartier Greene est enfin de retour.","robots":{"index":"index","follow":"follow","max-snippet":"max-snippet:-1","max-image-preview":"max-image-preview:large","max-video-preview":"max-video-preview:-1"},"canonical":"https:\/\/quartiergreene.ca\/fr\/le-festival-de-quartier-greene-de-2025\/","og_locale":"fr_FR","og_type":"article","og_title":"Le festival de Quartier Greene de 2025 - Quartier Greene","og_description":"La saison tant attendue des festivals du Quartier Greene est enfin de retour.","og_url":"https:\/\/quartiergreene.ca\/fr\/le-festival-de-quartier-greene-de-2025\/","og_site_name":"Quartier Greene","article_publisher":"https:\/\/www.facebook.com\/Quartier-Greene-201511353217647\/","article_published_time":"2025-05-16T14:34:27+00:00","article_modified_time":"2025-06-07T15:33:44+00:00","og_image":[{"width":1500,"height":1500,"url":"https:\/\/quartiergreene.ca\/wp-content\/uploads\/2025\/05\/qg-socmed.png","type":"image\/png"}],"author":"Anayis Ecityan","twitter_card":"summary_large_image","twitter_creator":"@QuartierGreene","twitter_site":"@QuartierGreene","twitter_misc":{"\u00c9crit par":"Anayis Ecityan","Dur\u00e9e de lecture estim\u00e9e":"3 minutes"},"schema":{"@context":"https:\/\/schema.org","@graph":[{"@type":"Article","@id":"https:\/\/quartiergreene.ca\/fr\/le-festival-de-quartier-greene-de-2025\/#article","isPartOf":{"@id":"https:\/\/quartiergreene.ca\/fr\/le-festival-de-quartier-greene-de-2025\/"},"author":{"name":"Anayis Ecityan","@id":"https:\/\/quartiergreene.ca\/fr\/#\/schema\/person\/388e244ab08ed9c286d5cce0a9a9cf84"},"headline":"Le festival de Quartier Greene de 2025","datePublished":"2025-05-16T14:34:27+00:00","dateModified":"2025-06-07T15:33:44+00:00","mainEntityOfPage":{"@id":"https:\/\/quartiergreene.ca\/fr\/le-festival-de-quartier-greene-de-2025\/"},"wordCount":473,"publisher":{"@id":"https:\/\/quartiergreene.ca\/fr\/#organization"},"image":{"@id":"https:\/\/quartiergreene.ca\/fr\/le-festival-de-quartier-greene-de-2025\/#primaryimage"},"thumbnailUrl":"https:\/\/quartiergreene.ca\/wp-content\/uploads\/2025\/05\/qg-socmed.png","articleSection":["Non classifi\u00e9(e)"],"inLanguage":"fr-FR"},{"@type":"WebPage","@id":"https:\/\/quartiergreene.ca\/fr\/le-festival-de-quartier-greene-de-2025\/","url":"https:\/\/quartiergreene.ca\/fr\/le-festival-de-quartier-greene-de-2025\/","name":"Le festival de Quartier Greene de 2025 - Quartier Greene","isPartOf":{"@id":"https:\/\/quartiergreene.ca\/fr\/#website"},"primaryImageOfPage":{"@id":"https:\/\/quartiergreene.ca\/fr\/le-festival-de-quartier-greene-de-2025\/#primaryimage"},"image":{"@id":"https:\/\/quartiergreene.ca\/fr\/le-festival-de-quartier-greene-de-2025\/#primaryimage"},"thumbnailUrl":"https:\/\/quartiergreene.ca\/wp-content\/uploads\/2025\/05\/qg-socmed.png","datePublished":"2025-05-16T14:34:27+00:00","dateModified":"2025-06-07T15:33:44+00:00","description":"La saison tant attendue des festivals du Quartier Greene est enfin de retour.","breadcrumb":{"@id":"https:\/\/quartiergreene.ca\/fr\/le-festival-de-quartier-greene-de-2025\/#breadcrumb"},"inLanguage":"fr-FR","potentialAction":[{"@type":"ReadAction","target":["https:\/\/quartiergreene.ca\/fr\/le-festival-de-quartier-greene-de-2025\/"]}]},{"@type":"ImageObject","inLanguage":"fr-FR","@id":"https:\/\/quartiergreene.ca\/fr\/le-festival-de-quartier-greene-de-2025\/#primaryimage","url":"https:\/\/quartiergreene.ca\/wp-content\/uploads\/2025\/05\/qg-socmed.png","contentUrl":"https:\/\/quartiergreene.ca\/wp-content\/uploads\/2025\/05\/qg-socmed.png","width":1500,"height":1500},{"@type":"BreadcrumbList","@id":"https:\/\/quartiergreene.ca\/fr\/le-festival-de-quartier-greene-de-2025\/#breadcrumb","itemListElement":[{"@type":"ListItem","position":1,"name":"Home","item":"https:\/\/quartiergreene.ca\/fr\/"},{"@type":"ListItem","position":2,"name":"Le festival de Quartier Greene de 2025"}]},{"@type":"WebSite","@id":"https:\/\/quartiergreene.ca\/fr\/#website","url":"https:\/\/quartiergreene.ca\/fr\/","name":"Quartier Greene","description":"City style, neighbourhood charm","publisher":{"@id":"https:\/\/quartiergreene.ca\/fr\/#organization"},"potentialAction":[{"@type":"SearchAction","target":{"@type":"EntryPoint","urlTemplate":"https:\/\/quartiergreene.ca\/fr\/?s={search_term_string}"},"query-input":{"@type":"PropertyValueSpecification","valueRequired":true,"valueName":"search_term_string"}}],"inLanguage":"fr-FR"},{"@type":"Organization","@id":"https:\/\/quartiergreene.ca\/fr\/#organization","name":"Greene Neighbourhood Merchants\u2019 Association","url":"https:\/\/quartiergreene.ca\/fr\/","logo":{"@type":"ImageObject","inLanguage":"fr-FR","@id":"https:\/\/quartiergreene.ca\/fr\/#\/schema\/logo\/image\/","url":"https:\/\/quartiergreene.ca\/wp-content\/uploads\/2019\/05\/logo-quartier-greene-westmount.svg","contentUrl":"https:\/\/quartiergreene.ca\/wp-content\/uploads\/2019\/05\/logo-quartier-greene-westmount.svg","width":360,"height":65,"caption":"Greene Neighbourhood Merchants\u2019 Association"},"image":{"@id":"https:\/\/quartiergreene.ca\/fr\/#\/schema\/logo\/image\/"},"sameAs":["https:\/\/www.facebook.com\/Quartier-Greene-201511353217647\/","https:\/\/x.com\/QuartierGreene"]},{"@type":"Person","@id":"https:\/\/quartiergreene.ca\/fr\/#\/schema\/person\/388e244ab08ed9c286d5cce0a9a9cf84","name":"Anayis Ecityan","image":{"@type":"ImageObject","inLanguage":"fr-FR","@id":"https:\/\/quartiergreene.ca\/fr\/#\/schema\/person\/image\/","url":"https:\/\/secure.gravatar.com\/avatar\/20b754725668b87e43fcd1a79a12d5eb31f1e312767f688b367bfc0e90f80b77?s=96&d=mm&r=g","contentUrl":"https:\/\/secure.gravatar.com\/avatar\/20b754725668b87e43fcd1a79a12d5eb31f1e312767f688b367bfc0e90f80b77?s=96&d=mm&r=g","caption":"Anayis Ecityan"}}]}},"_links":{"self":[{"href":"https:\/\/quartiergreene.ca\/fr\/wp-json\/wp\/v2\/posts\/5282","targetHints":{"allow":["GET"]}}],"collection":[{"href":"https:\/\/quartiergreene.ca\/fr\/wp-json\/wp\/v2\/posts"}],"about":[{"href":"https:\/\/quartiergreene.ca\/fr\/wp-json\/wp\/v2\/types\/post"}],"author":[{"embeddable":true,"href":"https:\/\/quartiergreene.ca\/fr\/wp-json\/wp\/v2\/users\/7"}],"replies":[{"embeddable":true,"href":"https:\/\/quartiergreene.ca\/fr\/wp-json\/wp\/v2\/comments?post=5282"}],"version-history":[{"count":19,"href":"https:\/\/quartiergreene.ca\/fr\/wp-json\/wp\/v2\/posts\/5282\/revisions"}],"predecessor-version":[{"id":5324,"href":"https:\/\/quartiergreene.ca\/fr\/wp-json\/wp\/v2\/posts\/5282\/revisions\/5324"}],"wp:featuredmedia":[{"embeddable":true,"href":"https:\/\/quartiergreene.ca\/fr\/wp-json\/wp\/v2\/media\/5293"}],"wp:attachment":[{"href":"https:\/\/quartiergreene.ca\/fr\/wp-json\/wp\/v2\/media?parent=5282"}],"wp:term":[{"taxonomy":"category","embeddable":true,"href":"https:\/\/quartiergreene.ca\/fr\/wp-json\/wp\/v2\/categories?post=5282"},{"taxonomy":"post_tag","embeddable":true,"href":"https:\/\/quartiergreene.ca\/fr\/wp-json\/wp\/v2\/tags?post=5282"}],"curies":[{"name":"wp","href":"https:\/\/api.w.org\/{rel}","templated":true}]}}