{"id":5328,"date":"2025-09-09T10:00:54","date_gmt":"2025-09-09T14:00:54","guid":{"rendered":"https:\/\/quartiergreene.ca\/?p=5328"},"modified":"2025-09-09T10:08:06","modified_gmt":"2025-09-09T14:08:06","slug":"musique-dans-le-square-septembre-2025","status":"publish","type":"post","link":"https:\/\/quartiergreene.ca\/fr\/musique-dans-le-square-septembre-2025\/","title":{"rendered":"Musique dans le Square &#8211; Septembre 2025"},"content":{"rendered":"<div class=\"\" data-block=\"true\" data-editor=\"9kgm5\" data-offset-key=\"dnl63-0-0\">\n<div class=\"_1mf _1mj\" data-offset-key=\"dnl63-0-0\"><span data-offset-key=\"dnl63-0-0\">Vous l&rsquo;avez demand\u00e9, nous vous avons \u00e9cout\u00e9s ! Nous avons prolong\u00e9 notre s\u00e9rie Musique dans le Square avec deux nouveaux concerts pour cl\u00f4turer l&rsquo;\u00e9t\u00e9.<\/span><\/div>\n<\/div>\n<div data-offset-key=\"dnl63-0-0\"><\/div>\n<h3 style=\"text-align: center;\" data-offset-key=\"dnl63-0-0\">Samedi le 13 septembre<\/h3>\n<p><strong>Rob Brennan, 12h00 \u00e0 15h30<\/strong><\/p>\n<div class=\"\" data-block=\"true\" data-editor=\"9kgm5\" data-offset-key=\"de49g-0-0\">\n<div class=\"_1mf _1mj\" data-offset-key=\"de49g-0-0\"><span data-offset-key=\"de49g-0-0\">D\u00e8s son plus jeune \u00e2ge, Rob Brennan a \u00e9t\u00e9 attir\u00e9 par les sons du gospel bluesy et de la musique country, un chanteur et guitariste talentueux et polyvalent, ses interpr\u00e9tations d&rsquo;anciens classiques \u00e0 de nouveaux plairont \u00e0 coup s\u00fbr ! Rob s&rsquo;est produit \u00e0 Nashville et dans les Carolines, dans de grandes et petites salles.<\/span><\/div>\n<\/div>\n<div class=\"\" data-block=\"true\" data-editor=\"9kgm5\" data-offset-key=\"bch92-0-0\">\n<div class=\"_1mf _1mj\" data-offset-key=\"bch92-0-0\"><span data-offset-key=\"bch92-0-0\">Venez passer une apres-midi intime que vous appr\u00e9cierez \u00e0 coup s\u00fbr ! <\/span><\/div>\n<\/div>\n<div class=\"\" data-block=\"true\" data-editor=\"9kgm5\" data-offset-key=\"6or8c-0-0\">\n<div class=\"_1mf _1mj\" data-offset-key=\"6or8c-0-0\"><span data-offset-key=\"6or8c-0-0\">\u00a0<\/span><\/div>\n<\/div>\n<div class=\"\" data-block=\"true\" data-editor=\"9kgm5\" data-offset-key=\"dbdq8-0-0\">\n<div class=\"_1mf _1mj\" data-offset-key=\"dbdq8-0-0\"><span data-offset-key=\"dbdq8-0-0\">Venez passer un apr\u00e8s-midi intime au Quartier Greene que vous appr\u00e9cierez \u00e0 coup s\u00fbr le samedi 13 septembre !<\/span><\/div>\n<\/div>\n<div data-offset-key=\"dbdq8-0-0\"><\/div>\n<h3 style=\"text-align: center;\" data-offset-key=\"dbdq8-0-0\">Samedi le 20 septembre<\/h3>\n<p><strong>Christian(.no.relation), 12h00 \u00e0 15h30<\/strong><\/p>\n<p>Christian(.no.relation) est un musicien bas\u00e9 \u00e0 Montr\u00e9al qui m\u00e9lange des voix soul, des rythmes incisifs et une touche de chaos. Multi-instrumentiste dou\u00e9 pour les grandes \u00e9motions et les sons puissants, ses spectacles sont \u00e0 la fois \u00e9mouvants et d\u00e9bordants d&rsquo;\u00e9nergie.<\/p>\n<div class=\"\" data-block=\"true\" data-editor=\"9kgm5\" data-offset-key=\"5t0p3-0-0\">\n<div class=\"_1mf _1mj\" data-offset-key=\"5t0p3-0-0\"><span data-offset-key=\"5t0p3-0-0\">\u00a0<\/span><\/div>\n<\/div>\n<div class=\"\" data-block=\"true\" data-editor=\"9kgm5\" data-offset-key=\"505ld-0-0\">\n<div class=\"_1mf _1mj\" data-offset-key=\"505ld-0-0\"><\/div>\n<\/div>\n","protected":false},"excerpt":{"rendered":"<p>Vous l&rsquo;avez demand\u00e9, nous vous avons \u00e9cout\u00e9s ! Nous avons prolong\u00e9 notre s\u00e9rie Musique dans le Square avec deux nouveaux concerts pour cl\u00f4turer l&rsquo;\u00e9t\u00e9. Samedi le 13 septembre Rob Brennan, 12h00 \u00e0 15h30 D\u00e8s son plus jeune \u00e2ge, Rob Brennan [&hellip;]<\/p>\n","protected":false},"author":7,"featured_media":5336,"comment_status":"closed","ping_status":"closed","sticky":false,"template":"","format":"standard","meta":{"_acf_changed":false,"footnotes":""},"categories":[1],"tags":[],"class_list":["post-5328","post","type-post","status-publish","format-standard","has-post-thumbnail","hentry","category-non-classifiee"],"acf":[],"yoast_head":"<!-- This site is optimized with the Yoast SEO plugin v23.4 - https:\/\/yoast.com\/wordpress\/plugins\/seo\/ -->\n<title>Musique dans le Square - Septembre 2025 - Quartier Greene<\/title>\n<meta name=\"description\" content=\"Deux concerts dans le Square de Quartier Greene.\" \/>\n<meta name=\"robots\" content=\"index, follow, max-snippet:-1, max-image-preview:large, max-video-preview:-1\" \/>\n<link rel=\"canonical\" href=\"https:\/\/quartiergreene.ca\/fr\/musique-dans-le-square-septembre-2025\/\" \/>\n<meta property=\"og:locale\" content=\"fr_FR\" \/>\n<meta property=\"og:type\" content=\"article\" \/>\n<meta property=\"og:title\" content=\"Musique dans le Square - Septembre 2025 - Quartier Greene\" \/>\n<meta property=\"og:description\" content=\"Deux concerts dans le Square de Quartier Greene.\" \/>\n<meta property=\"og:url\" content=\"https:\/\/quartiergreene.ca\/fr\/musique-dans-le-square-septembre-2025\/\" \/>\n<meta property=\"og:site_name\" content=\"Quartier Greene\" \/>\n<meta property=\"article:publisher\" content=\"https:\/\/www.facebook.com\/Quartier-Greene-201511353217647\/\" \/>\n<meta property=\"article:published_time\" content=\"2025-09-09T14:00:54+00:00\" \/>\n<meta property=\"article:modified_time\" content=\"2025-09-09T14:08:06+00:00\" \/>\n<meta property=\"og:image\" content=\"https:\/\/quartiergreene.ca\/wp-content\/uploads\/2025\/09\/group-poster-soc-med.png\" \/>\n\t<meta property=\"og:image:width\" content=\"1500\" \/>\n\t<meta property=\"og:image:height\" content=\"1500\" \/>\n\t<meta property=\"og:image:type\" content=\"image\/png\" \/>\n<meta name=\"author\" content=\"Anayis Ecityan\" \/>\n<meta name=\"twitter:card\" content=\"summary_large_image\" \/>\n<meta name=\"twitter:creator\" content=\"@QuartierGreene\" \/>\n<meta name=\"twitter:site\" content=\"@QuartierGreene\" \/>\n<meta name=\"twitter:label1\" content=\"\u00c9crit par\" \/>\n\t<meta name=\"twitter:data1\" content=\"Anayis Ecityan\" \/>\n\t<meta name=\"twitter:label2\" content=\"Dur\u00e9e de lecture estim\u00e9e\" \/>\n\t<meta name=\"twitter:data2\" content=\"1 minute\" \/>\n<script type=\"application\/ld+json\" class=\"yoast-schema-graph\">{\"@context\":\"https:\/\/schema.org\",\"@graph\":[{\"@type\":\"Article\",\"@id\":\"https:\/\/quartiergreene.ca\/fr\/musique-dans-le-square-septembre-2025\/#article\",\"isPartOf\":{\"@id\":\"https:\/\/quartiergreene.ca\/fr\/musique-dans-le-square-septembre-2025\/\"},\"author\":{\"name\":\"Anayis Ecityan\",\"@id\":\"https:\/\/quartiergreene.ca\/fr\/#\/schema\/person\/388e244ab08ed9c286d5cce0a9a9cf84\"},\"headline\":\"Musique dans le Square &#8211; Septembre 2025\",\"datePublished\":\"2025-09-09T14:00:54+00:00\",\"dateModified\":\"2025-09-09T14:08:06+00:00\",\"mainEntityOfPage\":{\"@id\":\"https:\/\/quartiergreene.ca\/fr\/musique-dans-le-square-septembre-2025\/\"},\"wordCount\":177,\"publisher\":{\"@id\":\"https:\/\/quartiergreene.ca\/fr\/#organization\"},\"image\":{\"@id\":\"https:\/\/quartiergreene.ca\/fr\/musique-dans-le-square-septembre-2025\/#primaryimage\"},\"thumbnailUrl\":\"https:\/\/quartiergreene.ca\/wp-content\/uploads\/2025\/09\/group-poster-soc-med.png\",\"articleSection\":[\"Non classifi\u00e9(e)\"],\"inLanguage\":\"fr-FR\"},{\"@type\":\"WebPage\",\"@id\":\"https:\/\/quartiergreene.ca\/fr\/musique-dans-le-square-septembre-2025\/\",\"url\":\"https:\/\/quartiergreene.ca\/fr\/musique-dans-le-square-septembre-2025\/\",\"name\":\"Musique dans le Square - Septembre 2025 - Quartier Greene\",\"isPartOf\":{\"@id\":\"https:\/\/quartiergreene.ca\/fr\/#website\"},\"primaryImageOfPage\":{\"@id\":\"https:\/\/quartiergreene.ca\/fr\/musique-dans-le-square-septembre-2025\/#primaryimage\"},\"image\":{\"@id\":\"https:\/\/quartiergreene.ca\/fr\/musique-dans-le-square-septembre-2025\/#primaryimage\"},\"thumbnailUrl\":\"https:\/\/quartiergreene.ca\/wp-content\/uploads\/2025\/09\/group-poster-soc-med.png\",\"datePublished\":\"2025-09-09T14:00:54+00:00\",\"dateModified\":\"2025-09-09T14:08:06+00:00\",\"description\":\"Deux concerts dans le Square de Quartier Greene.\",\"breadcrumb\":{\"@id\":\"https:\/\/quartiergreene.ca\/fr\/musique-dans-le-square-septembre-2025\/#breadcrumb\"},\"inLanguage\":\"fr-FR\",\"potentialAction\":[{\"@type\":\"ReadAction\",\"target\":[\"https:\/\/quartiergreene.ca\/fr\/musique-dans-le-square-septembre-2025\/\"]}]},{\"@type\":\"ImageObject\",\"inLanguage\":\"fr-FR\",\"@id\":\"https:\/\/quartiergreene.ca\/fr\/musique-dans-le-square-septembre-2025\/#primaryimage\",\"url\":\"https:\/\/quartiergreene.ca\/wp-content\/uploads\/2025\/09\/group-poster-soc-med.png\",\"contentUrl\":\"https:\/\/quartiergreene.ca\/wp-content\/uploads\/2025\/09\/group-poster-soc-med.png\",\"width\":1500,\"height\":1500},{\"@type\":\"BreadcrumbList\",\"@id\":\"https:\/\/quartiergreene.ca\/fr\/musique-dans-le-square-septembre-2025\/#breadcrumb\",\"itemListElement\":[{\"@type\":\"ListItem\",\"position\":1,\"name\":\"Home\",\"item\":\"https:\/\/quartiergreene.ca\/fr\/\"},{\"@type\":\"ListItem\",\"position\":2,\"name\":\"Musique dans le Square &#8211; Septembre 2025\"}]},{\"@type\":\"WebSite\",\"@id\":\"https:\/\/quartiergreene.ca\/fr\/#website\",\"url\":\"https:\/\/quartiergreene.ca\/fr\/\",\"name\":\"Quartier Greene\",\"description\":\"City style, neighbourhood charm\",\"publisher\":{\"@id\":\"https:\/\/quartiergreene.ca\/fr\/#organization\"},\"potentialAction\":[{\"@type\":\"SearchAction\",\"target\":{\"@type\":\"EntryPoint\",\"urlTemplate\":\"https:\/\/quartiergreene.ca\/fr\/?s={search_term_string}\"},\"query-input\":{\"@type\":\"PropertyValueSpecification\",\"valueRequired\":true,\"valueName\":\"search_term_string\"}}],\"inLanguage\":\"fr-FR\"},{\"@type\":\"Organization\",\"@id\":\"https:\/\/quartiergreene.ca\/fr\/#organization\",\"name\":\"Greene Neighbourhood Merchants\u2019 Association\",\"url\":\"https:\/\/quartiergreene.ca\/fr\/\",\"logo\":{\"@type\":\"ImageObject\",\"inLanguage\":\"fr-FR\",\"@id\":\"https:\/\/quartiergreene.ca\/fr\/#\/schema\/logo\/image\/\",\"url\":\"https:\/\/quartiergreene.ca\/wp-content\/uploads\/2019\/05\/logo-quartier-greene-westmount.svg\",\"contentUrl\":\"https:\/\/quartiergreene.ca\/wp-content\/uploads\/2019\/05\/logo-quartier-greene-westmount.svg\",\"width\":360,\"height\":65,\"caption\":\"Greene Neighbourhood Merchants\u2019 Association\"},\"image\":{\"@id\":\"https:\/\/quartiergreene.ca\/fr\/#\/schema\/logo\/image\/\"},\"sameAs\":[\"https:\/\/www.facebook.com\/Quartier-Greene-201511353217647\/\",\"https:\/\/x.com\/QuartierGreene\"]},{\"@type\":\"Person\",\"@id\":\"https:\/\/quartiergreene.ca\/fr\/#\/schema\/person\/388e244ab08ed9c286d5cce0a9a9cf84\",\"name\":\"Anayis Ecityan\",\"image\":{\"@type\":\"ImageObject\",\"inLanguage\":\"fr-FR\",\"@id\":\"https:\/\/quartiergreene.ca\/fr\/#\/schema\/person\/image\/\",\"url\":\"https:\/\/secure.gravatar.com\/avatar\/20b754725668b87e43fcd1a79a12d5eb31f1e312767f688b367bfc0e90f80b77?s=96&d=mm&r=g\",\"contentUrl\":\"https:\/\/secure.gravatar.com\/avatar\/20b754725668b87e43fcd1a79a12d5eb31f1e312767f688b367bfc0e90f80b77?s=96&d=mm&r=g\",\"caption\":\"Anayis Ecityan\"}}]}<\/script>\n<!-- \/ Yoast SEO plugin. -->","yoast_head_json":{"title":"Musique dans le Square - Septembre 2025 - Quartier Greene","description":"Deux concerts dans le Square de Quartier Greene.","robots":{"index":"index","follow":"follow","max-snippet":"max-snippet:-1","max-image-preview":"max-image-preview:large","max-video-preview":"max-video-preview:-1"},"canonical":"https:\/\/quartiergreene.ca\/fr\/musique-dans-le-square-septembre-2025\/","og_locale":"fr_FR","og_type":"article","og_title":"Musique dans le Square - Septembre 2025 - Quartier Greene","og_description":"Deux concerts dans le Square de Quartier Greene.","og_url":"https:\/\/quartiergreene.ca\/fr\/musique-dans-le-square-septembre-2025\/","og_site_name":"Quartier Greene","article_publisher":"https:\/\/www.facebook.com\/Quartier-Greene-201511353217647\/","article_published_time":"2025-09-09T14:00:54+00:00","article_modified_time":"2025-09-09T14:08:06+00:00","og_image":[{"width":1500,"height":1500,"url":"https:\/\/quartiergreene.ca\/wp-content\/uploads\/2025\/09\/group-poster-soc-med.png","type":"image\/png"}],"author":"Anayis Ecityan","twitter_card":"summary_large_image","twitter_creator":"@QuartierGreene","twitter_site":"@QuartierGreene","twitter_misc":{"\u00c9crit par":"Anayis Ecityan","Dur\u00e9e de lecture estim\u00e9e":"1 minute"},"schema":{"@context":"https:\/\/schema.org","@graph":[{"@type":"Article","@id":"https:\/\/quartiergreene.ca\/fr\/musique-dans-le-square-septembre-2025\/#article","isPartOf":{"@id":"https:\/\/quartiergreene.ca\/fr\/musique-dans-le-square-septembre-2025\/"},"author":{"name":"Anayis Ecityan","@id":"https:\/\/quartiergreene.ca\/fr\/#\/schema\/person\/388e244ab08ed9c286d5cce0a9a9cf84"},"headline":"Musique dans le Square &#8211; Septembre 2025","datePublished":"2025-09-09T14:00:54+00:00","dateModified":"2025-09-09T14:08:06+00:00","mainEntityOfPage":{"@id":"https:\/\/quartiergreene.ca\/fr\/musique-dans-le-square-septembre-2025\/"},"wordCount":177,"publisher":{"@id":"https:\/\/quartiergreene.ca\/fr\/#organization"},"image":{"@id":"https:\/\/quartiergreene.ca\/fr\/musique-dans-le-square-septembre-2025\/#primaryimage"},"thumbnailUrl":"https:\/\/quartiergreene.ca\/wp-content\/uploads\/2025\/09\/group-poster-soc-med.png","articleSection":["Non classifi\u00e9(e)"],"inLanguage":"fr-FR"},{"@type":"WebPage","@id":"https:\/\/quartiergreene.ca\/fr\/musique-dans-le-square-septembre-2025\/","url":"https:\/\/quartiergreene.ca\/fr\/musique-dans-le-square-septembre-2025\/","name":"Musique dans le Square - Septembre 2025 - Quartier Greene","isPartOf":{"@id":"https:\/\/quartiergreene.ca\/fr\/#website"},"primaryImageOfPage":{"@id":"https:\/\/quartiergreene.ca\/fr\/musique-dans-le-square-septembre-2025\/#primaryimage"},"image":{"@id":"https:\/\/quartiergreene.ca\/fr\/musique-dans-le-square-septembre-2025\/#primaryimage"},"thumbnailUrl":"https:\/\/quartiergreene.ca\/wp-content\/uploads\/2025\/09\/group-poster-soc-med.png","datePublished":"2025-09-09T14:00:54+00:00","dateModified":"2025-09-09T14:08:06+00:00","description":"Deux concerts dans le Square de Quartier Greene.","breadcrumb":{"@id":"https:\/\/quartiergreene.ca\/fr\/musique-dans-le-square-septembre-2025\/#breadcrumb"},"inLanguage":"fr-FR","potentialAction":[{"@type":"ReadAction","target":["https:\/\/quartiergreene.ca\/fr\/musique-dans-le-square-septembre-2025\/"]}]},{"@type":"ImageObject","inLanguage":"fr-FR","@id":"https:\/\/quartiergreene.ca\/fr\/musique-dans-le-square-septembre-2025\/#primaryimage","url":"https:\/\/quartiergreene.ca\/wp-content\/uploads\/2025\/09\/group-poster-soc-med.png","contentUrl":"https:\/\/quartiergreene.ca\/wp-content\/uploads\/2025\/09\/group-poster-soc-med.png","width":1500,"height":1500},{"@type":"BreadcrumbList","@id":"https:\/\/quartiergreene.ca\/fr\/musique-dans-le-square-septembre-2025\/#breadcrumb","itemListElement":[{"@type":"ListItem","position":1,"name":"Home","item":"https:\/\/quartiergreene.ca\/fr\/"},{"@type":"ListItem","position":2,"name":"Musique dans le Square &#8211; Septembre 2025"}]},{"@type":"WebSite","@id":"https:\/\/quartiergreene.ca\/fr\/#website","url":"https:\/\/quartiergreene.ca\/fr\/","name":"Quartier Greene","description":"City style, neighbourhood charm","publisher":{"@id":"https:\/\/quartiergreene.ca\/fr\/#organization"},"potentialAction":[{"@type":"SearchAction","target":{"@type":"EntryPoint","urlTemplate":"https:\/\/quartiergreene.ca\/fr\/?s={search_term_string}"},"query-input":{"@type":"PropertyValueSpecification","valueRequired":true,"valueName":"search_term_string"}}],"inLanguage":"fr-FR"},{"@type":"Organization","@id":"https:\/\/quartiergreene.ca\/fr\/#organization","name":"Greene Neighbourhood Merchants\u2019 Association","url":"https:\/\/quartiergreene.ca\/fr\/","logo":{"@type":"ImageObject","inLanguage":"fr-FR","@id":"https:\/\/quartiergreene.ca\/fr\/#\/schema\/logo\/image\/","url":"https:\/\/quartiergreene.ca\/wp-content\/uploads\/2019\/05\/logo-quartier-greene-westmount.svg","contentUrl":"https:\/\/quartiergreene.ca\/wp-content\/uploads\/2019\/05\/logo-quartier-greene-westmount.svg","width":360,"height":65,"caption":"Greene Neighbourhood Merchants\u2019 Association"},"image":{"@id":"https:\/\/quartiergreene.ca\/fr\/#\/schema\/logo\/image\/"},"sameAs":["https:\/\/www.facebook.com\/Quartier-Greene-201511353217647\/","https:\/\/x.com\/QuartierGreene"]},{"@type":"Person","@id":"https:\/\/quartiergreene.ca\/fr\/#\/schema\/person\/388e244ab08ed9c286d5cce0a9a9cf84","name":"Anayis Ecityan","image":{"@type":"ImageObject","inLanguage":"fr-FR","@id":"https:\/\/quartiergreene.ca\/fr\/#\/schema\/person\/image\/","url":"https:\/\/secure.gravatar.com\/avatar\/20b754725668b87e43fcd1a79a12d5eb31f1e312767f688b367bfc0e90f80b77?s=96&d=mm&r=g","contentUrl":"https:\/\/secure.gravatar.com\/avatar\/20b754725668b87e43fcd1a79a12d5eb31f1e312767f688b367bfc0e90f80b77?s=96&d=mm&r=g","caption":"Anayis Ecityan"}}]}},"_links":{"self":[{"href":"https:\/\/quartiergreene.ca\/fr\/wp-json\/wp\/v2\/posts\/5328","targetHints":{"allow":["GET"]}}],"collection":[{"href":"https:\/\/quartiergreene.ca\/fr\/wp-json\/wp\/v2\/posts"}],"about":[{"href":"https:\/\/quartiergreene.ca\/fr\/wp-json\/wp\/v2\/types\/post"}],"author":[{"embeddable":true,"href":"https:\/\/quartiergreene.ca\/fr\/wp-json\/wp\/v2\/users\/7"}],"replies":[{"embeddable":true,"href":"https:\/\/quartiergreene.ca\/fr\/wp-json\/wp\/v2\/comments?post=5328"}],"version-history":[{"count":3,"href":"https:\/\/quartiergreene.ca\/fr\/wp-json\/wp\/v2\/posts\/5328\/revisions"}],"predecessor-version":[{"id":5335,"href":"https:\/\/quartiergreene.ca\/fr\/wp-json\/wp\/v2\/posts\/5328\/revisions\/5335"}],"wp:featuredmedia":[{"embeddable":true,"href":"https:\/\/quartiergreene.ca\/fr\/wp-json\/wp\/v2\/media\/5336"}],"wp:attachment":[{"href":"https:\/\/quartiergreene.ca\/fr\/wp-json\/wp\/v2\/media?parent=5328"}],"wp:term":[{"taxonomy":"category","embeddable":true,"href":"https:\/\/quartiergreene.ca\/fr\/wp-json\/wp\/v2\/categories?post=5328"},{"taxonomy":"post_tag","embeddable":true,"href":"https:\/\/quartiergreene.ca\/fr\/wp-json\/wp\/v2\/tags?post=5328"}],"curies":[{"name":"wp","href":"https:\/\/api.w.org\/{rel}","templated":true}]}}